{"id":5171,"date":"2020-11-08T13:53:10","date_gmt":"2020-11-08T13:53:10","guid":{"rendered":"https:\/\/tvc16.com\/portal\/?p=5171"},"modified":"2020-11-08T13:53:10","modified_gmt":"2020-11-08T13:53:10","slug":"cantora-vanusa-morre-aos-73-anos","status":"publish","type":"post","link":"https:\/\/tvc16.com\/portal\/2020\/11\/08\/cantora-vanusa-morre-aos-73-anos\/","title":{"rendered":"Cantora Vanusa morre aos 73 anos"},"content":{"rendered":"\n<h2 class=\"wp-block-heading\">UPA constata que a causa da morte foi insufici\u00eancia respirat\u00f3ria<\/h2>\n\n\n\n<h4 class=\"wp-block-heading\">Por Da Ag\u00eancia Brasil &#8211; Bras\u00edlia<\/h4>\n\n\n\n<p>A cantora Vanusa&nbsp;faleceu na madrugada deste domingo (8), na casa de repouso em Santos (SP), onde estava morando h\u00e1 mais de 2 anos.<img decoding=\"async\" src=\"https:\/\/agenciabrasil.ebc.com.br\/ebc.png?id=1392589&amp;o=node\"><img decoding=\"async\" src=\"https:\/\/agenciabrasil.ebc.com.br\/ebc.gif?id=1392589&amp;o=node\"><\/p>\n\n\n\n<p>Por meio de nota, a&nbsp;assessoria de imprensa da artista disse que um&nbsp;enfermeiro percebeu que Vanusa&nbsp;estava sem batimentos card\u00edacos por volta das 5h30 da manh\u00e3. Imediatamente chamaram uma unidade m\u00f3vel de pronto atendimento (UPA) que constatou insufici\u00eancia respirat\u00f3ria como a causa da morte.<\/p>\n\n\n\n<p>Segundo a assessoria, Vanusa&nbsp;&#8220;ontem teve um dia muito feliz com a visita da Amanda, a filha mais velha. Cantou, brincou, riu, se alimentou bem&#8221;.<\/p>\n\n\n\n<p>&nbsp;Nos \u00faltimos anos, a cantora teve depress\u00e3o e ficou muito debilitada devido a&nbsp;problemas gerados pelo uso de medicamentos tarja preta em excesso. De agosto a setembro deste ano,&nbsp;esteve&nbsp;<a href=\"https:\/\/agenciabrasil.ebc.com.br\/geral\/noticia\/2018-05\/cantora-vanusa-e-internada-em-clinica-de-reabilitacao-em-sao-paulo\" target=\"_blank\" rel=\"noreferrer noopener\">internada no Complexo Hospitalar dos Estivadores<\/a>.<\/p>\n\n\n\n<p>O filho ca\u00e7ula Rafael Vannucci est\u00e1 viajando para S\u00e3o Paulo para tratar dos tr\u00e2mites do enterro e mais informa\u00e7\u00f5es ser\u00e3o repassadas no final do dia. &nbsp;<\/p>\n\n\n\n<figure class=\"wp-block-image\"><img decoding=\"async\" src=\"https:\/\/imagens.ebc.com.br\/fXYXmGeGGRAv4k6CzicAdPnxHQ0=\/365x0\/smart\/https:\/\/agenciabrasil.ebc.com.br\/sites\/default\/files\/thumbnails\/image\/whatsapp_image_2020-11-08_at_09.17.44.jpeg?itok=SkPEqWzN\" alt=\"Vanusa e o filho Rafael Vannucci\" title=\"Arquivo pessoal\"\/><\/figure>\n\n\n\n<h6 class=\"wp-block-heading\">Vanusa e o filho Rafael Vannucci &#8211;&nbsp;<strong>Arquivo pessoal<\/strong><\/h6>\n\n\n\n<h2 class=\"wp-block-heading\">Carreira da cantora<\/h2>\n\n\n\n<p>Vanusa Santos Flores nasceu em 22 de agosto de 1947, na cidade de Cruzeiro, estado de S\u00e3o Paulo, sendo criada nas cidades mineiras de Uberaba e Frutal. Aos 16 anos, tornou-se vocalista do conjunto Golden Lions. Em uma das apresenta\u00e7\u00f5es foi ouvida por Sidney Carvalho, da ag\u00eancia de propaganda Prosperi, Magaldi &amp; Maia, que a convidou para ir a S\u00e3o Paulo.&nbsp;<\/p>\n\n\n\n<p>Em 1966, durante os \u00faltimos anos do movimento cultural Jovem Guarda, apresentou-se no programa&nbsp;<em>O Bom<\/em>, de Eduardo Ara\u00fajo, na extinta&nbsp;<em>TV Excelsior<\/em>&nbsp;de S\u00e3o Paulo. Logo, foi contratada pela RCA Victor e ganhou \u00eaxito com a can\u00e7\u00e3o&nbsp;<em>Pra Nunca Mais Chorar<\/em>&nbsp;(Eduardo Ara\u00fajo e Carlos Imperial). O sucesso a fez participar do programa&nbsp;<em>Jovem Guarda<\/em>, da&nbsp;<em>TV Record<\/em>, em suas duas \u00faltimas edi\u00e7\u00f5es.&nbsp;<\/p>\n\n\n\n<p>Em 1968, gravou seu primeiro \u00e1lbum, estreando ainda como compositora em tr\u00eas can\u00e7\u00f5es, uma delas em parceria com David Miranda. Cinco anos depois, em seu quarto LP, j\u00e1 como contratada da gravadora Continental, lan\u00e7ou seu maior sucesso:&nbsp;<em>Manh\u00e3s de Setembro<\/em>, composta em parceria com M\u00e1rio Campanha. Em 1975, lan\u00e7ou outro hit:&nbsp;<em>Paralelas<\/em>, uma composi\u00e7\u00e3o de Belchior. Em 1977, protagonizou ao lado de Ronnie Von a telenovela&nbsp;<em>Cinderela 77<\/em>, da&nbsp;<em>Rede Tupi<\/em>.&nbsp;<\/p>\n\n\n\n<blockquote class=\"wp-block-quote is-layout-flow wp-block-quote-is-layout-flow\"><p>&#8220;Eu quero sair<br>Eu quero falar<br>Eu quero ensinar o vizinho a cantar<br>Nas manh\u00e3s de setembro&#8221;<br>(Trecho da m\u00fasica Manh\u00e3s de Setembro)<\/p><\/blockquote>\n\n\n\n<p>Ao longo de sua carreira, gravou 23 discos e vendeu mais de tr\u00eas milh\u00f5es de c\u00f3pias. Representou o pa\u00eds em v\u00e1rios festivais internacionais e recebeu cerca de 200 pr\u00eamios. Por dois anos seguidos foi eleita a Rainha da Televis\u00e3o. &nbsp;<\/p>\n\n\n\n<blockquote class=\"wp-block-quote is-layout-flow wp-block-quote-is-layout-flow\"><p>&#8220;Na verdade o que eu quero \u00e9 imposs\u00edvel<br>O que eu quero \u00e9 perfeito demais<br>N\u00e3o existe um amor t\u00e3o sublime<br>Por entre os mortais&#8221;<br>(Trecho da m\u00fasica Paralelas)<\/p><\/blockquote>\n\n\n\n<p>Em 1997, publicou sua autobiografia:&nbsp;<em>Vanusa &#8211; A Vida N\u00e3o Pode Ser S\u00f3 Isso!,<\/em>&nbsp;pela editora Saraiva. Em 2005, participou de v\u00e1rios concertos comemorativos aos 40 anos da Jovem Guarda.&nbsp;<\/p>\n\n\n\n<p>Em 1999, depois de cinco anos sem gravar e apresentando-se apenas eventualmente, Vanusa estreou no Teatro Santa Catarina (S\u00e3o Paulo,SP), o musical&nbsp;<em>Ningu\u00e9m \u00e9 Loira por Acaso<\/em>, escrito e produzido pela jornalista L\u00e9a Penteado de quem \u00e9 amiga desde os anos 70. No musical autobiogr\u00e1fico, al\u00e9m dos seus sucessos, ela estimula&nbsp;as mulheres a n\u00e3o abdicar dos seus sonhos. &#8220;Eu mesma estou realizando um, que \u00e9 o de ser atriz&#8221;, comenta Vanusa que atuou em Hair, em 1973, quando ouviu do diretor, Altair Lima, que nunca mais deveria deixar o teatro.<\/p>\n\n\n\n<p>Em 2015, lan\u00e7ou seu primeiro \u00e1lbum de can\u00e7\u00f5es in\u00e9ditas em 20 anos:&nbsp;<em>Vanusa Santos Flores<\/em>, produzido por Zeca Baleiro. A cantora foi casada duas vezes: com o m\u00fasico Ant\u00f4nio Marcos com quem teve as filhas Amanda e Aretha, e com o ator e diretor de televis\u00e3o Augusto C\u00e9sar Vannucci, pai do seu filho Rafael Vannucci.<\/p>\n\n\n\n<h2 class=\"wp-block-heading\">Ou\u00e7a na Radio MEC<\/h2>\n\n\n\n<p>Ou\u00e7a Vanusa cantando no&nbsp;programa&nbsp;<a href=\"https:\/\/radios.ebc.com.br\/arte-clube\" target=\"_blank\" rel=\"noreferrer noopener\">Arte Clube<\/a>, epis\u00f3dio&nbsp;<a href=\"https:\/\/radios.ebc.com.br\/arte-clube\/2017\/06\/lado-lado-b-destaca-o-lado-roqueiro-de-vanusa\" target=\"_blank\" rel=\"noreferrer noopener\">Lado A Lado B destaca o lado roqueiro de Vanusa<\/a>.&nbsp;O que teriam em comum a banda de heavy metal&nbsp;Black Sabath&nbsp;e a cantora&nbsp;Vanusa? \u00c9 o que voc\u00ea vai descobrir&nbsp;na coluna<em>&nbsp;Lado A\/Lado B<\/em>, escrita pelo jornalista, doutor em literatura e colecionador de discos de vinil,&nbsp;Odirlei Costa. Ou\u00e7a sucessos de uma das mais populares cantoras do pa\u00eds e conhe\u00e7a essa pol\u00eamica com a banda de rock!<\/p>\n\n\n\n<p>Edi\u00e7\u00e3o: Liliane Farias<\/p>\n","protected":false},"excerpt":{"rendered":"<p>UPA constata que a causa da morte foi insufici\u00eancia respirat\u00f3ria Por Da Ag\u00eancia Brasil &#8211;<\/p>\n","protected":false},"author":2,"featured_media":5172,"comment_status":"open","ping_status":"open","sticky":false,"template":"","format":"standard","meta":{"footnotes":""},"categories":[21],"tags":[],"class_list":["post-5171","post","type-post","status-publish","format-standard","has-post-thumbnail","hentry","category-cultura"],"_links":{"self":[{"href":"https:\/\/tvc16.com\/portal\/wp-json\/wp\/v2\/posts\/5171","targetHints":{"allow":["GET"]}}],"collection":[{"href":"https:\/\/tvc16.com\/portal\/wp-json\/wp\/v2\/posts"}],"about":[{"href":"https:\/\/tvc16.com\/portal\/wp-json\/wp\/v2\/types\/post"}],"author":[{"embeddable":true,"href":"https:\/\/tvc16.com\/portal\/wp-json\/wp\/v2\/users\/2"}],"replies":[{"embeddable":true,"href":"https:\/\/tvc16.com\/portal\/wp-json\/wp\/v2\/comments?post=5171"}],"version-history":[{"count":1,"href":"https:\/\/tvc16.com\/portal\/wp-json\/wp\/v2\/posts\/5171\/revisions"}],"predecessor-version":[{"id":5173,"href":"https:\/\/tvc16.com\/portal\/wp-json\/wp\/v2\/posts\/5171\/revisions\/5173"}],"wp:featuredmedia":[{"embeddable":true,"href":"https:\/\/tvc16.com\/portal\/wp-json\/wp\/v2\/media\/5172"}],"wp:attachment":[{"href":"https:\/\/tvc16.com\/portal\/wp-json\/wp\/v2\/media?parent=5171"}],"wp:term":[{"taxonomy":"category","embeddable":true,"href":"https:\/\/tvc16.com\/portal\/wp-json\/wp\/v2\/categories?post=5171"},{"taxonomy":"post_tag","embeddable":true,"href":"https:\/\/tvc16.com\/portal\/wp-json\/wp\/v2\/tags?post=5171"}],"curies":[{"name":"wp","href":"https:\/\/api.w.org\/{rel}","templated":true}]}}