{"id":5177,"date":"2020-11-09T14:22:32","date_gmt":"2020-11-09T14:22:32","guid":{"rendered":"https:\/\/tvc16.com\/portal\/?p=5177"},"modified":"2020-11-09T14:22:32","modified_gmt":"2020-11-09T14:22:32","slug":"semana-sustentavel-na-moda-vai-debater-futuro-do-setor","status":"publish","type":"post","link":"https:\/\/tvc16.com\/portal\/2020\/11\/09\/semana-sustentavel-na-moda-vai-debater-futuro-do-setor\/","title":{"rendered":"Semana Sustent\u00e1vel na Moda vai debater futuro do setor"},"content":{"rendered":"\n<p><em>Evento in\u00e9dito ser\u00e1\u00a0totalmente gratuito e digital<\/em><\/p>\n\n\n\n<p>O uso consciente dos recursos naturais e o bem-estar do planeta s\u00e3o temas que s\u00e3o debatidos em todos os lugares. Para refor\u00e7ar a import\u00e2ncia da quest\u00e3o, o\u00a0<strong>Sebrae Rio<\/strong>\u00a0e o\u00a0<strong>Senac RJ<\/strong>\u00a0promovem a primeira edi\u00e7\u00e3o da\u00a0<strong>Semana da Sustentabilidade na Moda<\/strong>. O evento ser\u00e1 totalmente gratuito e digital, com in\u00edcio nesta <strong>segunda-feira (9).<\/strong>\u00a0Durante cinco dias, os palestrantes abordar\u00e3o quatro temas: Economia Circular; Consumo Consciente; Compras Sustent\u00e1veis; Futuros Desej\u00e1veis e Novos Modelos de Neg\u00f3cios. As inscri\u00e7\u00f5es podem ser feitas pelo site da\u00a0<a rel=\"noreferrer noopener\" target=\"_blank\" href=\"https:\/\/lp.absuite.com.br\/lp\/EAZ\/semana-sustentabilidade\">Semana da Sustentabilidade<\/a>.<\/p>\n\n\n\n<p>Durante a semana, os participantes v\u00e3o refletir sobre varejo sustent\u00e1vel, o papel do consumidor na atualidade, o futuro da moda e as novas economias. Pesquisa finalizada pelo Sebrae, finalizado no dia 9 de setembro, mostrou que 84% das empresas da moda j\u00e1 retomaram as atividades. Apesar disso, essas empresas (em sua maioria, pequenos neg\u00f3cios), ainda sofrem uma perda ligeiramente maior de faturamento (-42%), quando comparado ao per\u00edodo antes da crise. Na m\u00e9dia de todos os setores, a perda de faturamento \u00e9 de 40%. As redu\u00e7\u00f5es de faturamento mais expressivas est\u00e3o nos segmentos de moda praia (-76%), moda sustent\u00e1vel ou ag\u00eanero (-48%) e moda infantil e uniformes\/fardamento (-46%). Na situa\u00e7\u00e3o oposta, os segmentos de moda lar (-23%) e moda \u00edntima (-25%) foram os que registraram o menor n\u00edvel de perdas, em compara\u00e7\u00e3o com o per\u00edodo pr\u00e9-crise.<\/p>\n\n\n\n<p>O levantamento mostra que os empres\u00e1rios do setor da moda reduziram o volume de compras ou desistiram de adquirir novas cole\u00e7\u00f5es para a pr\u00f3xima temporada, em compara\u00e7\u00e3o com 2019 (20% n\u00e3o compraram e 39% reduziram o volume de compras acima de 30%). Para esses empreendedores, os maiores desafios para a retomada e sobreviv\u00eancia do neg\u00f3cio s\u00e3o: capital de giro (50%), planejamento de compras e giro de estoques (27%), o fato dos produtos e servi\u00e7os de moda n\u00e3o serem vistos como essenciais (25%) e os controles financeiros p\u00f3s-pandemia (23%).<\/p>\n\n\n\n<p><strong><u>Servi\u00e7o:<\/u><\/strong><\/p>\n\n\n\n<p><strong>Semana da Sustentabilidade na Moda \u2013 Sebrae Rio e Senac RJ<\/strong><\/p>\n\n\n\n<p><strong>Dias 9 a 13 de novembro&nbsp;<\/strong><\/p>\n\n\n\n<p><strong>Inscri\u00e7\u00f5es gratuitas no&nbsp;<\/strong><a rel=\"noreferrer noopener\" target=\"_blank\" href=\"https:\/\/lp.absuite.com.br\/lp\/EAZ\/semana-sustentabilidade\"><strong>site<\/strong><\/a><strong><\/strong><\/p>\n\n\n\n<p><strong>Dia 9\/11, \u00e0s 10h &#8211;&nbsp;<\/strong><em>Futuros poss\u00edveis, colabora\u00e7\u00e3o e novas economias<\/em><\/p>\n\n\n\n<p><strong>Dia 10\/11, \u00e0s 10h &#8211;&nbsp;<\/strong><em>Sustentabilidade como diferencial criativo para os neg\u00f3cios<\/em><\/p>\n\n\n\n<p><strong>Dia 11\/11, \u00e0s 10h &#8211;&nbsp;<\/strong><em>Inova\u00e7\u00e3o e circularidade na moda \/&nbsp;<\/em><strong>\u00c0s 15h &#8211;&nbsp;<\/strong><em>Design Virtual: uma pr\u00e1tica regenerativa<\/em><\/p>\n\n\n\n<p><strong>Dia 12\/11, \u00e0s 10h &#8211;&nbsp;<\/strong><em>Novos formatos de consumo na moda \/&nbsp;<\/em><strong>\u00c0s 15h &#8211;&nbsp;<\/strong><em>Amor, identidade e consci\u00eancia<\/em><\/p>\n\n\n\n<p><strong>Dia 13\/11, \u00e0s 10h &#8211;&nbsp;<\/strong><em>Novas formas de comercializa\u00e7\u00e3o do varejo sustent\u00e1vel \/&nbsp;<\/em><strong>\u00c0s 15h &#8211;&nbsp;<\/strong>O mundo \u00e9 circular? \u00c9tica, circularidade e inova\u00e7\u00e3o como fatores de transforma\u00e7\u00e3o.<\/p>\n","protected":false},"excerpt":{"rendered":"<p>Evento in\u00e9dito ser\u00e1\u00a0totalmente gratuito e digital O uso consciente dos recursos naturais e o bem-estar<\/p>\n","protected":false},"author":2,"featured_media":5178,"comment_status":"open","ping_status":"open","sticky":false,"template":"","format":"standard","meta":{"footnotes":""},"categories":[17],"tags":[],"class_list":["post-5177","post","type-post","status-publish","format-standard","has-post-thumbnail","hentry","category-outras-noticias"],"_links":{"self":[{"href":"https:\/\/tvc16.com\/portal\/wp-json\/wp\/v2\/posts\/5177","targetHints":{"allow":["GET"]}}],"collection":[{"href":"https:\/\/tvc16.com\/portal\/wp-json\/wp\/v2\/posts"}],"about":[{"href":"https:\/\/tvc16.com\/portal\/wp-json\/wp\/v2\/types\/post"}],"author":[{"embeddable":true,"href":"https:\/\/tvc16.com\/portal\/wp-json\/wp\/v2\/users\/2"}],"replies":[{"embeddable":true,"href":"https:\/\/tvc16.com\/portal\/wp-json\/wp\/v2\/comments?post=5177"}],"version-history":[{"count":1,"href":"https:\/\/tvc16.com\/portal\/wp-json\/wp\/v2\/posts\/5177\/revisions"}],"predecessor-version":[{"id":5179,"href":"https:\/\/tvc16.com\/portal\/wp-json\/wp\/v2\/posts\/5177\/revisions\/5179"}],"wp:featuredmedia":[{"embeddable":true,"href":"https:\/\/tvc16.com\/portal\/wp-json\/wp\/v2\/media\/5178"}],"wp:attachment":[{"href":"https:\/\/tvc16.com\/portal\/wp-json\/wp\/v2\/media?parent=5177"}],"wp:term":[{"taxonomy":"category","embeddable":true,"href":"https:\/\/tvc16.com\/portal\/wp-json\/wp\/v2\/categories?post=5177"},{"taxonomy":"post_tag","embeddable":true,"href":"https:\/\/tvc16.com\/portal\/wp-json\/wp\/v2\/tags?post=5177"}],"curies":[{"name":"wp","href":"https:\/\/api.w.org\/{rel}","templated":true}]}}