{"id":5180,"date":"2020-11-09T14:29:52","date_gmt":"2020-11-09T14:29:52","guid":{"rendered":"https:\/\/tvc16.com\/portal\/?p=5180"},"modified":"2020-11-09T14:29:52","modified_gmt":"2020-11-09T14:29:52","slug":"5180","status":"publish","type":"post","link":"https:\/\/tvc16.com\/portal\/2020\/11\/09\/5180\/","title":{"rendered":""},"content":{"rendered":"\n<h2 class=\"wp-block-heading\">Biden lan\u00e7ar\u00e1 for\u00e7a-tarefa contra covid-19, e Trump planeja protestos<\/h2>\n\n\n\n<h3 class=\"wp-block-heading\">Presidente eleito se re\u00fane com uma comiss\u00e3o de especialistas<\/h3>\n\n\n\n<h4 class=\"wp-block-heading\">Por Andy Sullivan, Andrea Shalal e Trevor Hunnicutt &#8211; Rep\u00f3rteres da Reuters &#8211; Washington\/Wilmington<\/h4>\n\n\n\n<figure class=\"wp-block-image\"><a href=\"https:\/\/br.reuters.com\/\" target=\"_blank\" rel=\"noreferrer noopener\"><img decoding=\"async\" src=\"https:\/\/agenciabrasil.ebc.com.br\/sites\/default\/files\/styles\/269x0\/public\/logo_parceiros\/logo_reuters.jpg?itok=1pP189Lc\" alt=\"Reuters\"\/><\/a><\/figure>\n\n\n\n<p>O presidente eleito dos Estados Unidos (EUA), Joe Biden, convoca hoje (9) uma for\u00e7a-tarefa contra o novo coronav\u00edrus para examinar o principal problema que&nbsp;ter\u00e1 que enfrentar quando tomar posse, em janeiro, enquanto o presidente norte-americano, Donald Trump, faz diversas apostas improv\u00e1veis para se manter no cargo.<img decoding=\"async\" src=\"https:\/\/agenciabrasil.ebc.com.br\/ebc.png?id=1392661&amp;o=node\"><img decoding=\"async\" src=\"https:\/\/agenciabrasil.ebc.com.br\/ebc.gif?id=1392661&amp;o=node\"><\/p>\n\n\n\n<p>Biden deve se reunir com uma comiss\u00e3o consultora copresidida pelo ex-cirurgi\u00e3o-geral Vivek Murthy, com David Kessler, ex-comiss\u00e1rio da Ag\u00eancia de Alimentos e Medicamentos (FDA) dos EUA, e com Marcella Nunez-Smith, professora-associada da Universidade Yale, para estudar a melhor maneira de dominar a pandemia, que j\u00e1 matou mais de 237 mil norte-americanos.<\/p>\n\n\n\n<p>O ex-vice-presidente democrata falar\u00e1 em Wilmington, no Delaware, sobre seus planos para enfrentar a covid-19 e reerguer a economia.<\/p>\n\n\n\n<p>&#8220;Lidar com a pandemia do novo&nbsp;coronav\u00edrus \u00e9 uma das batalhas mais importantes que nosso governo enfrentar\u00e1, e serei amparado pela ci\u00eancia e por especialistas&#8221;, disse Biden em um comunicado nesta&nbsp;segunda-feira.<\/p>\n\n\n\n<p>O grupo de cientistas e especialistas coordenar\u00e1 a rea\u00e7\u00e3o \u00e0 pandemia com autoridades municipais e estaduais, o que inclui como reabrir escolas e empresas com seguran\u00e7a e lidar com as disparidades raciais.<\/p>\n\n\n\n<p>Entre eles est\u00e3o Rick Bright, que foi afastado do comando da entidade federal Ag\u00eancia de Pesquisa e Desenvolvimento Biom\u00e9dico Avan\u00e7ado no in\u00edcio deste ano, e Luciana Borio, especializada em emerg\u00eancias de sa\u00fade p\u00fablica complexas.<\/p>\n\n\n\n<p>Trump entrou em confronto com frequ\u00eancia com autoridades de sa\u00fade de alto escal\u00e3o por causa da pandemia. Seu vice, Mike Pence, deve se reunir com a for\u00e7a-tarefa contra covid-19 da Casa Branca, ainda nesta segunda-feira, pela primeira vez desde&nbsp;20 de outubro.<\/p>\n\n\n\n<p>Biden superou a marca de 270 votos do Col\u00e9gio Eleitoral, necess\u00e1rios para conquistar a Presid\u00eancia no s\u00e1bado (7), quatro dias ap\u00f3s a elei\u00e7\u00e3o de&nbsp;3 de novembro. Ele derrotou Trump por mais de 4 milh\u00f5es de votos, o que torna o republicano o primeiro presidente a n\u00e3o se reeleger desde 1992.<\/p>\n\n\n\n<p>Mas Donald Trump n\u00e3o reconheceu a derrota e iniciou uma s\u00e9rie de a\u00e7\u00f5es civis para levar adiante suas alega\u00e7\u00f5es de fraude eleitoral, para as quais n\u00e3o apresentou provas. Autoridades estaduais dizem n\u00e3o estar cientes de quaisquer irregularidades significativas.<\/p>\n\n\n\n<p>Trump n\u00e3o tinha eventos p\u00fablicos agendados para esta&nbsp;segunda-feira e n\u00e3o fala em p\u00fablico desde&nbsp;quinta, mas pretende realizar eventos para angariar apoio \u00e0 sua contesta\u00e7\u00e3o dos resultados da elei\u00e7\u00e3o, disse o porta-voz de sua equipe de campanha, Tim Murtaugh.<\/p>\n\n\n\n<p><\/p>\n\n\n\n<p><a href=\"https:\/\/www.publico.pt\/autor\/antonio-rodrigues\"><strong><\/strong><\/a><\/p>\n","protected":false},"excerpt":{"rendered":"<p>Biden lan\u00e7ar\u00e1 for\u00e7a-tarefa contra covid-19, e Trump planeja protestos Presidente eleito se re\u00fane com uma<\/p>\n","protected":false},"author":2,"featured_media":5181,"comment_status":"open","ping_status":"open","sticky":false,"template":"","format":"standard","meta":{"footnotes":""},"categories":[22],"tags":[],"class_list":["post-5180","post","type-post","status-publish","format-standard","has-post-thumbnail","hentry","category-internacional"],"_links":{"self":[{"href":"https:\/\/tvc16.com\/portal\/wp-json\/wp\/v2\/posts\/5180","targetHints":{"allow":["GET"]}}],"collection":[{"href":"https:\/\/tvc16.com\/portal\/wp-json\/wp\/v2\/posts"}],"about":[{"href":"https:\/\/tvc16.com\/portal\/wp-json\/wp\/v2\/types\/post"}],"author":[{"embeddable":true,"href":"https:\/\/tvc16.com\/portal\/wp-json\/wp\/v2\/users\/2"}],"replies":[{"embeddable":true,"href":"https:\/\/tvc16.com\/portal\/wp-json\/wp\/v2\/comments?post=5180"}],"version-history":[{"count":1,"href":"https:\/\/tvc16.com\/portal\/wp-json\/wp\/v2\/posts\/5180\/revisions"}],"predecessor-version":[{"id":5182,"href":"https:\/\/tvc16.com\/portal\/wp-json\/wp\/v2\/posts\/5180\/revisions\/5182"}],"wp:featuredmedia":[{"embeddable":true,"href":"https:\/\/tvc16.com\/portal\/wp-json\/wp\/v2\/media\/5181"}],"wp:attachment":[{"href":"https:\/\/tvc16.com\/portal\/wp-json\/wp\/v2\/media?parent=5180"}],"wp:term":[{"taxonomy":"category","embeddable":true,"href":"https:\/\/tvc16.com\/portal\/wp-json\/wp\/v2\/categories?post=5180"},{"taxonomy":"post_tag","embeddable":true,"href":"https:\/\/tvc16.com\/portal\/wp-json\/wp\/v2\/tags?post=5180"}],"curies":[{"name":"wp","href":"https:\/\/api.w.org\/{rel}","templated":true}]}}