{"id":5186,"date":"2020-11-09T14:35:28","date_gmt":"2020-11-09T14:35:28","guid":{"rendered":"https:\/\/tvc16.com\/portal\/?p=5186"},"modified":"2020-11-09T14:35:28","modified_gmt":"2020-11-09T14:35:28","slug":"parceria-levara-astronautas-a-estacao-espacial-no-proximo-sabado","status":"publish","type":"post","link":"https:\/\/tvc16.com\/portal\/2020\/11\/09\/parceria-levara-astronautas-a-estacao-espacial-no-proximo-sabado\/","title":{"rendered":"Parceria levar\u00e1 astronautas \u00e0 esta\u00e7\u00e3o espacial no pr\u00f3ximo s\u00e1bado"},"content":{"rendered":"\n<h2 class=\"wp-block-heading\">O lan\u00e7amento ser\u00e1 transmitidos ao vivo pela Nasa Television<\/h2>\n\n\n\n<h4 class=\"wp-block-heading\"> Por Pedro Peduzzi &#8211; Rep\u00f3rter da Ag\u00eancia Brasil * &#8211; Bras\u00edlia<\/h4>\n\n\n\n<p>A Ag\u00eancia Espacial Norte-Americana (Nasa) entra na reta final dos eventos preparativos para o pr\u00e9-lan\u00e7amento e para o lan\u00e7amento da miss\u00e3o tripulada SpaceX Crew-1 em dire\u00e7\u00e3o \u00e0 Esta\u00e7\u00e3o Espacial Internacional. A viagem, em um foguete Falcon 9, est\u00e1 prevista para o dia 14 de novembro, partindo do Complexo de Lan\u00e7amento 39A no Centro Espacial Kennedy da Nasa, na Fl\u00f3rida. A chegada \u00e0 esta\u00e7\u00e3o espacial dever\u00e1 ocorrer no dia seguinte ao lan\u00e7amento.<img decoding=\"async\" src=\"https:\/\/agenciabrasil.ebc.com.br\/ebc.png?id=1392662&amp;o=node\"><img decoding=\"async\" src=\"https:\/\/agenciabrasil.ebc.com.br\/ebc.gif?id=1392662&amp;o=node\"><\/p>\n\n\n\n<p>De acordo com a ag\u00eancia, tanto o lan\u00e7amento como as atividades de pr\u00e9-lan\u00e7amento e a atraca\u00e7\u00e3o ser\u00e3o transmitidos ao vivo pela Nasa Television e&nbsp;<a href=\"https:\/\/www.nasa.gov\/\" target=\"_blank\" rel=\"noreferrer noopener\">no site da ag\u00eancia<\/a>.<\/p>\n\n\n\n<p>Este \u00e9 o primeiro voo de rota\u00e7\u00e3o da tripula\u00e7\u00e3o da espa\u00e7onave SpaceX Crew Dragon, ap\u00f3s a certifica\u00e7\u00e3o da Nasa para voos regulares para a esta\u00e7\u00e3o espacial como parte do Programa de Tripula\u00e7\u00e3o Comercial da ag\u00eancia. A parceria envolve a empresa aeroespacial SpaceX, criada por Elon Musk, que \u00e9 tamb\u00e9m dono da f\u00e1brica de autom\u00f3veis el\u00e9tricos Tesla<\/p>\n\n\n\n<p>O voo da Crew-1 levar\u00e1 o comandante da tripula\u00e7\u00e3o Michael Hopkins, o piloto Victor Glover e o especialista da miss\u00e3o Shannon Walker, todos da Nasa. A tripula\u00e7\u00e3o contar\u00e1 tamb\u00e9m com o especialista da Ag\u00eancia de Explora\u00e7\u00e3o Aeroespacial do Jap\u00e3o Soichi Noguchi.<\/p>\n\n\n\n<p><em>* Com informa\u00e7\u00f5es da Nasa<\/em><\/p>\n\n\n\n<p>Edi\u00e7\u00e3o: Fernando Fraga<\/p>\n","protected":false},"excerpt":{"rendered":"<p>O lan\u00e7amento ser\u00e1 transmitidos ao vivo pela Nasa Television Por Pedro Peduzzi &#8211; Rep\u00f3rter da<\/p>\n","protected":false},"author":2,"featured_media":5187,"comment_status":"open","ping_status":"open","sticky":false,"template":"","format":"standard","meta":{"footnotes":""},"categories":[22],"tags":[],"class_list":["post-5186","post","type-post","status-publish","format-standard","has-post-thumbnail","hentry","category-internacional"],"_links":{"self":[{"href":"https:\/\/tvc16.com\/portal\/wp-json\/wp\/v2\/posts\/5186","targetHints":{"allow":["GET"]}}],"collection":[{"href":"https:\/\/tvc16.com\/portal\/wp-json\/wp\/v2\/posts"}],"about":[{"href":"https:\/\/tvc16.com\/portal\/wp-json\/wp\/v2\/types\/post"}],"author":[{"embeddable":true,"href":"https:\/\/tvc16.com\/portal\/wp-json\/wp\/v2\/users\/2"}],"replies":[{"embeddable":true,"href":"https:\/\/tvc16.com\/portal\/wp-json\/wp\/v2\/comments?post=5186"}],"version-history":[{"count":1,"href":"https:\/\/tvc16.com\/portal\/wp-json\/wp\/v2\/posts\/5186\/revisions"}],"predecessor-version":[{"id":5188,"href":"https:\/\/tvc16.com\/portal\/wp-json\/wp\/v2\/posts\/5186\/revisions\/5188"}],"wp:featuredmedia":[{"embeddable":true,"href":"https:\/\/tvc16.com\/portal\/wp-json\/wp\/v2\/media\/5187"}],"wp:attachment":[{"href":"https:\/\/tvc16.com\/portal\/wp-json\/wp\/v2\/media?parent=5186"}],"wp:term":[{"taxonomy":"category","embeddable":true,"href":"https:\/\/tvc16.com\/portal\/wp-json\/wp\/v2\/categories?post=5186"},{"taxonomy":"post_tag","embeddable":true,"href":"https:\/\/tvc16.com\/portal\/wp-json\/wp\/v2\/tags?post=5186"}],"curies":[{"name":"wp","href":"https:\/\/api.w.org\/{rel}","templated":true}]}}