{"id":5195,"date":"2020-11-09T14:42:48","date_gmt":"2020-11-09T14:42:48","guid":{"rendered":"https:\/\/tvc16.com\/portal\/?p=5195"},"modified":"2020-11-09T14:42:48","modified_gmt":"2020-11-09T14:42:48","slug":"ex-atleta-adriana-samuel-mantem-intensa-agenda-ligada-ao-esporte","status":"publish","type":"post","link":"https:\/\/tvc16.com\/portal\/2020\/11\/09\/ex-atleta-adriana-samuel-mantem-intensa-agenda-ligada-ao-esporte\/","title":{"rendered":"Ex-atleta Adriana Samuel mant\u00e9m intensa agenda ligada ao esporte"},"content":{"rendered":"\n<h3 class=\"wp-block-heading\">Medalhista ol\u00edmpica atua do social ao gerenciamento de carreiras<\/h3>\n\n\n\n<h4 class=\"wp-block-heading\">Por Juliano Justo &#8211; Rep\u00f3rter da TV Brasil e da R\u00e1dio Nacional &#8211; S\u00e3o Paulo &#8211; Ag\u00eancia Brasil &#8211; S\u00e3o Paulo<\/h4>\n\n\n\n<p>Adriana Samuel. Um nome que est\u00e1 marcado para sempre na hist\u00f3ria do esporte ol\u00edmpico brasileiro. A carioca come\u00e7ou no v\u00f4lei de quadra nos anos 1980, migrou para as areias e faturou duas medalhas ol\u00edmpicas. Nos Jogos de Atlanta\/1996, levou a prata ao lado de M\u00f4nica Rodrigues na hist\u00f3rica final contra a dupla Sandra Pires e Jaqueline Silva. Quatro anos depois, ao lado da Sandra Pires, ela voltou dos Jogos de Sydney com o bronze. A aposentadoria como atleta veio em dezembro de 2001, mas \u00e9 claro que ela n\u00e3o iria se afastar do esporte. &#8220;O momento de parar \u00e9 muito dif\u00edcil para todos os atletas. Eu tomei a decis\u00e3o de diminuir o ritmo aos poucos. Na entrevista que eu dei depois do bronze em Sydney, j\u00e1 sabia que n\u00e3o chegaria em alto n\u00edvel em Atenas. E, para mim, a motiva\u00e7\u00e3o \u00e9 tudo. Por isso, comecei a adapta\u00e7\u00e3o desde meados de 2000&#8221; disse a ex-atleta.<img decoding=\"async\" src=\"https:\/\/agenciabrasil.ebc.com.br\/ebc.png?id=1392634&amp;o=node\"><img decoding=\"async\" src=\"https:\/\/agenciabrasil.ebc.com.br\/ebc.gif?id=1392634&amp;o=node\"><\/p>\n\n\n\n<h2 class=\"wp-block-heading\">Gest\u00e3o de carreiras<\/h2>\n\n\n\n<p>Segundo ela, o pr\u00f3prio v\u00f4lei de praia acabou sendo a sua faculdade. &#8220;Descobri atrav\u00e9s dele uma veia empreendedora. No v\u00f4lei de praia, voc\u00ea precisa correr atr\u00e1s dos patroc\u00ednios, tem que montar o time. Voc\u00ea acaba sendo o administrador de todo o projeto&#8221;. Com esse conhecimento, a transi\u00e7\u00e3o das areias para o agenciamento da carreira de atletas foi a mais natural poss\u00edvel. O come\u00e7o foi com as advers\u00e1rias nos torneios e amigas fora deles Adriana Behar e Shelda (prata em Sydney\/2000 e Atenas\/2004). &#8220;N\u00e3o sofri. N\u00e3o tive dilemas. Foram elas que me propuseram o trabalho de capta\u00e7\u00e3o de patroc\u00ednios&#8221;.<\/p>\n\n\n\n<p>Durante os primeiros anos, o foco era total no v\u00f4lei de praia. Emanuel e Ricardo (a parceria mais vitoriosa da modalidade no pa\u00eds) e Tande e Giovane foram alguns dos parceiros nesse in\u00edcio. Mas, a praia come\u00e7ou a ficar pequena. &#8220;Uma amiga que atuava no setor de eventos me chamou para uma demanda, organizar o desafio das gera\u00e7\u00f5es brasileiras campe\u00e3s ol\u00edmpicas de v\u00f4lei de quadra. Logo depois j\u00e1 veio o Pan-Americano de 2007. E n\u00e3o parei mais&#8221;.<\/p>\n\n\n\n<p>Na sequ\u00eancia, a partir do ciclo ol\u00edmpico de Londres\/2012, era a vez do trabalho como gestora de times de atletas de v\u00e1rias modalidades. &#8220;Tem muita gente, C\u00e9sar Cielo, Diego Hyp\u00f3lito, Martine Grael, Rafaela Silva, Ana Marcela Cunha, Isaquias Queiroz, entre outros. E \u00e9 algo que continua acontecendo. Estamos trabalhando forte para T\u00f3quio\/2021. Muito legal estar com essas feras. Voc\u00ea passa a entender mais das modalidades. Sem falar que \u00e9 uma honra estar pr\u00f3xima desses \u00eddolos de todo pa\u00eds&#8221;.&nbsp;<\/p>\n\n\n\n<h2 class=\"wp-block-heading\">Projetos sociais<\/h2>\n\n\n\n<p>Outro setor em que a medalhista ol\u00edmpica atua \u00e9 a inclus\u00e3o social atrav\u00e9s do esporte. &#8220;Conversei muito com Tande (campe\u00e3o ol\u00edmpico em Barcelona\/1992 e irm\u00e3o da Adriana). O v\u00f4lei mudou a nossa vida. Precisava retribuir de alguma forma&#8221;, comentou. Assim, nasceu em 2004 a Escolinha de V\u00f4lei de Praia da Adriana Samuel, em Copacabana. Esse n\u00facleo durou 14 anos. O outro espa\u00e7o, localizado em Deodoro, continua ativo desde 2014. &#8220;\u00c9 uma \u00e1rea extremamente carente. As crian\u00e7as n\u00e3o tem nada parecido. \u00c9 uma alegria ir l\u00e1, ver a felicidade no rosto deles&#8221;.<\/p>\n\n\n\n<p>O projeto mais recente \u00e9 o \u201cSem Barreiras\u201d. Instalada no clube dos servidores municipais, no centro do Rio&nbsp;de Janeiro, a iniciativa une v\u00f4lei, jud\u00f4 e atletismo desde dezembro de 2018. S\u00e3o atendidos 200 jovens entre quatro e 17 anos. A equipe tem tr\u00eas professores e cinco profissionais de apoio. &#8220;Sou apenas um instrumento que faz tudo acontecer. Os verdadeiros respons\u00e1veis pelo sucesso desses projetos durante tanto tempo s\u00e3o essas pessoas. Eles que fazem as crian\u00e7as voltarem a cada dia&#8221;.&nbsp;<\/p>\n\n\n\n<p>Mesmo evitando pensar no longo prazo, a Adriana j\u00e1 projeta os pr\u00f3ximos desafios. &#8220;Enquanto meus olhos continuarem brilhando com o que eu fa\u00e7o, eu quero manter isso vivo. Essas a\u00e7\u00f5es s\u00e3o os meus gols, as minhas medalhas. J\u00e1 estou pensando at\u00e9 para o pr\u00f3ximo ano implantar algo relativo aos jogos eletr\u00f4nicos. Vamos ver\u201d.<\/p>\n\n\n\n<p>Edi\u00e7\u00e3o: Carol Jardim<\/p>\n","protected":false},"excerpt":{"rendered":"<p>Medalhista ol\u00edmpica atua do social ao gerenciamento de carreiras Por Juliano Justo &#8211; Rep\u00f3rter da<\/p>\n","protected":false},"author":2,"featured_media":5196,"comment_status":"open","ping_status":"open","sticky":false,"template":"","format":"standard","meta":{"footnotes":""},"categories":[20],"tags":[],"class_list":["post-5195","post","type-post","status-publish","format-standard","has-post-thumbnail","hentry","category-esporte"],"_links":{"self":[{"href":"https:\/\/tvc16.com\/portal\/wp-json\/wp\/v2\/posts\/5195","targetHints":{"allow":["GET"]}}],"collection":[{"href":"https:\/\/tvc16.com\/portal\/wp-json\/wp\/v2\/posts"}],"about":[{"href":"https:\/\/tvc16.com\/portal\/wp-json\/wp\/v2\/types\/post"}],"author":[{"embeddable":true,"href":"https:\/\/tvc16.com\/portal\/wp-json\/wp\/v2\/users\/2"}],"replies":[{"embeddable":true,"href":"https:\/\/tvc16.com\/portal\/wp-json\/wp\/v2\/comments?post=5195"}],"version-history":[{"count":1,"href":"https:\/\/tvc16.com\/portal\/wp-json\/wp\/v2\/posts\/5195\/revisions"}],"predecessor-version":[{"id":5197,"href":"https:\/\/tvc16.com\/portal\/wp-json\/wp\/v2\/posts\/5195\/revisions\/5197"}],"wp:featuredmedia":[{"embeddable":true,"href":"https:\/\/tvc16.com\/portal\/wp-json\/wp\/v2\/media\/5196"}],"wp:attachment":[{"href":"https:\/\/tvc16.com\/portal\/wp-json\/wp\/v2\/media?parent=5195"}],"wp:term":[{"taxonomy":"category","embeddable":true,"href":"https:\/\/tvc16.com\/portal\/wp-json\/wp\/v2\/categories?post=5195"},{"taxonomy":"post_tag","embeddable":true,"href":"https:\/\/tvc16.com\/portal\/wp-json\/wp\/v2\/tags?post=5195"}],"curies":[{"name":"wp","href":"https:\/\/api.w.org\/{rel}","templated":true}]}}