{"id":5198,"date":"2020-11-09T14:45:21","date_gmt":"2020-11-09T14:45:21","guid":{"rendered":"https:\/\/tvc16.com\/portal\/?p=5198"},"modified":"2020-11-09T14:45:21","modified_gmt":"2020-11-09T14:45:21","slug":"estao-abertas-as-inscricoes-para-a-semana-da-inovacao-2020","status":"publish","type":"post","link":"https:\/\/tvc16.com\/portal\/2020\/11\/09\/estao-abertas-as-inscricoes-para-a-semana-da-inovacao-2020\/","title":{"rendered":"Est\u00e3o abertas as inscri\u00e7\u00f5es para a Semana da Inova\u00e7\u00e3o 2020"},"content":{"rendered":"\n<h2 class=\"wp-block-heading\">O evento ocorre de forma virtual de 16 a\u00a019 de novembro<\/h2>\n\n\n\n<h4 class=\"wp-block-heading\">Por Ag\u00eancia Brasil &#8211; Bras\u00edlia<\/h4>\n\n\n\n<p>Est\u00e3o abertas as inscri\u00e7\u00f5es para a Semana da Inova\u00e7\u00e3o 2020, a&nbsp;sexta&nbsp;edi\u00e7\u00e3o do evento sobre inova\u00e7\u00e3o p\u00fablica que acontece de forma virtual de 16 a&nbsp;19 de novembro. Os organizadores esperam reunir aproximadamente 20 mil pessoas e mais de 150 palestrantes durante os quatro dias, com mais de 200 horas de programa\u00e7\u00e3o&nbsp;<em>online<\/em>, que inclui palestras, oficinas, mesas redondas, cursos, sess\u00f5es<em>&nbsp;on-demand&nbsp;<\/em>e outras atra\u00e7\u00f5es.<img decoding=\"async\" src=\"https:\/\/agenciabrasil.ebc.com.br\/ebc.png?id=1392623&amp;o=node\"><img decoding=\"async\" src=\"https:\/\/agenciabrasil.ebc.com.br\/ebc.gif?id=1392623&amp;o=node\"><\/p>\n\n\n\n<p>As inscri\u00e7\u00f5es podem ser feitas no&nbsp;<a href=\"https:\/\/semanadeinovacao.enap.gov.br\/\" target=\"_blank\" rel=\"noreferrer noopener\">site&nbsp;do evento<\/a>. A Semana da Inova\u00e7\u00e3o 2020&nbsp;\u00e9 uma realiza\u00e7\u00e3o da Escola Nacional de Administra\u00e7\u00e3o P\u00fablica (Enap), do Minist\u00e9rio da Economia, do Tribunal de Contas da Uni\u00e3o (TCU) e da Faculdade LatinoAmericana de Ci\u00eancias Sociais (Flacso), com o apoio e a participa\u00e7\u00e3o de diversas institui\u00e7\u00f5es do governo federal, al\u00e9m de organismos internacionais, grupos da sociedade civil e representantes do setor privado.<\/p>\n\n\n\n<p>Em comunicado, a Enap explicou que a defini\u00e7\u00e3o conceitual da semana trata da explora\u00e7\u00e3o do \u201centrelugar\u201d \u2013 um espa\u00e7o de transi\u00e7\u00e3o entre o passado e futuro na governan\u00e7a p\u00fablica. \u201cNeste espa\u00e7o somos desafiados tanto por antigas quest\u00f5es que permanecem \u2013 fome, pobreza, viol\u00eancia \u2013 quanto por novas quest\u00f5es que emergem \u2013 futuro do trabalho \u00e0 dist\u00e2ncia, \u00e9tica da tecnologia, equil\u00edbrio entre economia e sa\u00fade\u201d, diz.<\/p>\n\n\n\n<p>A Organiza\u00e7\u00e3o para a Coopera\u00e7\u00e3o e Desenvolvimento Econ\u00f4mico (OCDE) tamb\u00e9m est\u00e1 lan\u00e7ando este ano uma iniciativa chamada #govaftershock (governo depois do choque), um evento em rede que acontece por dois dias ininterruptos. Ele \u00e9 liderado pelo Observat\u00f3rio para Inova\u00e7\u00e3o do Setor P\u00fablico da OCDE, mas organizado por parceiros ao redor do mundo. No Brasil, a Semana da Inova\u00e7\u00e3o foi convidada para cocriar o evento e contribuir para a programa\u00e7\u00e3o. Ser\u00e1 dias 17 e&nbsp;18 de novembro.<\/p>\n\n\n\n<p>O primeiro dia focar\u00e1 em reunir reflex\u00f5es para as tr\u00eas perguntas: \u201co que queremos deixar para tr\u00e1s ap\u00f3s esse choque? O que queremos manter? O que queremos fazer diferente?\u201d. O segundo dia reunir\u00e1 l\u00edderes mundiais para debater sobre as reflex\u00f5es geradas pelos eventos ao redor do mundo<\/p>\n\n\n\n<p>Edi\u00e7\u00e3o: Liliane Farias<\/p>\n","protected":false},"excerpt":{"rendered":"<p>O evento ocorre de forma virtual de 16 a\u00a019 de novembro Por Ag\u00eancia Brasil &#8211;<\/p>\n","protected":false},"author":2,"featured_media":5199,"comment_status":"open","ping_status":"open","sticky":false,"template":"","format":"standard","meta":{"footnotes":""},"categories":[19],"tags":[],"class_list":["post-5198","post","type-post","status-publish","format-standard","has-post-thumbnail","hentry","category-educacao"],"_links":{"self":[{"href":"https:\/\/tvc16.com\/portal\/wp-json\/wp\/v2\/posts\/5198","targetHints":{"allow":["GET"]}}],"collection":[{"href":"https:\/\/tvc16.com\/portal\/wp-json\/wp\/v2\/posts"}],"about":[{"href":"https:\/\/tvc16.com\/portal\/wp-json\/wp\/v2\/types\/post"}],"author":[{"embeddable":true,"href":"https:\/\/tvc16.com\/portal\/wp-json\/wp\/v2\/users\/2"}],"replies":[{"embeddable":true,"href":"https:\/\/tvc16.com\/portal\/wp-json\/wp\/v2\/comments?post=5198"}],"version-history":[{"count":1,"href":"https:\/\/tvc16.com\/portal\/wp-json\/wp\/v2\/posts\/5198\/revisions"}],"predecessor-version":[{"id":5200,"href":"https:\/\/tvc16.com\/portal\/wp-json\/wp\/v2\/posts\/5198\/revisions\/5200"}],"wp:featuredmedia":[{"embeddable":true,"href":"https:\/\/tvc16.com\/portal\/wp-json\/wp\/v2\/media\/5199"}],"wp:attachment":[{"href":"https:\/\/tvc16.com\/portal\/wp-json\/wp\/v2\/media?parent=5198"}],"wp:term":[{"taxonomy":"category","embeddable":true,"href":"https:\/\/tvc16.com\/portal\/wp-json\/wp\/v2\/categories?post=5198"},{"taxonomy":"post_tag","embeddable":true,"href":"https:\/\/tvc16.com\/portal\/wp-json\/wp\/v2\/tags?post=5198"}],"curies":[{"name":"wp","href":"https:\/\/api.w.org\/{rel}","templated":true}]}}