{"id":520,"date":"2020-09-16T12:20:24","date_gmt":"2020-09-16T12:20:24","guid":{"rendered":"https:\/\/tvc16.com\/portal\/?p=520"},"modified":"2020-09-16T12:20:24","modified_gmt":"2020-09-16T12:20:24","slug":"governo-do-estado-realiza-primeira-etapa-de-mudancas-administrativas","status":"publish","type":"post","link":"https:\/\/tvc16.com\/portal\/2020\/09\/16\/governo-do-estado-realiza-primeira-etapa-de-mudancas-administrativas\/","title":{"rendered":"Governo do Estado realiza primeira etapa de mudan\u00e7as administrativas"},"content":{"rendered":"\n<p><em>Secretarias de Vitimados e Extraordin\u00e1ria da Covid, RioPrevid\u00eancia e Instituto Rio Metr\u00f3pole perdem status e passam a compor estrutura de secretarias<\/em><\/p>\n\n\n\n<p><br>O Governo do Estado do Rio de Janeiro iniciou a primeira etapa de mudan\u00e7as administrativas que fazem parte do pacote de austeridade anunciado pelo governador em exerc\u00edcio Cl\u00e1udio Castro no fim do m\u00eas passado. Para reduzir gastos, as secretarias de Vitimados e Extraordin\u00e1ria da Covid, o RioPrevid\u00eancia e o Instituto Rio Metr\u00f3pole perder\u00e3o status e passar\u00e3o a compor estrutura de outras secretarias. A medida, que ser\u00e1 publicada no Di\u00e1rio Oficial desta quarta-feira (16\/09), vai garantir equil\u00edbrio das finan\u00e7as do Estado, com redu\u00e7\u00e3o prevista de 40% dos cargos comissionados.<\/p>\n\n\n\n<p>De acordo com o novo planejamento, a antiga Secretaria de Vitimados passa a fazer parte da estrutura da Secretaria de Desenvolvimento Social e Direitos Humanos. O RioPrevid\u00eancia ficar\u00e1 subordinado \u00e0 Secretaria de Fazenda. A Secretaria de Sa\u00fade recebe a antiga Secretaria Extraordin\u00e1ria da Covid. J\u00e1 o Instituto Rio Metr\u00f3poles ser\u00e1 inclu\u00eddo na estrutura da Secretaria das Cidades.<\/p>\n","protected":false},"excerpt":{"rendered":"<p>Secretarias de Vitimados e Extraordin\u00e1ria da Covid, RioPrevid\u00eancia e Instituto Rio Metr\u00f3pole perdem status e<\/p>\n","protected":false},"author":2,"featured_media":521,"comment_status":"open","ping_status":"open","sticky":false,"template":"","format":"standard","meta":{"footnotes":""},"categories":[15],"tags":[],"class_list":["post-520","post","type-post","status-publish","format-standard","has-post-thumbnail","hentry","category-politica"],"_links":{"self":[{"href":"https:\/\/tvc16.com\/portal\/wp-json\/wp\/v2\/posts\/520","targetHints":{"allow":["GET"]}}],"collection":[{"href":"https:\/\/tvc16.com\/portal\/wp-json\/wp\/v2\/posts"}],"about":[{"href":"https:\/\/tvc16.com\/portal\/wp-json\/wp\/v2\/types\/post"}],"author":[{"embeddable":true,"href":"https:\/\/tvc16.com\/portal\/wp-json\/wp\/v2\/users\/2"}],"replies":[{"embeddable":true,"href":"https:\/\/tvc16.com\/portal\/wp-json\/wp\/v2\/comments?post=520"}],"version-history":[{"count":1,"href":"https:\/\/tvc16.com\/portal\/wp-json\/wp\/v2\/posts\/520\/revisions"}],"predecessor-version":[{"id":522,"href":"https:\/\/tvc16.com\/portal\/wp-json\/wp\/v2\/posts\/520\/revisions\/522"}],"wp:featuredmedia":[{"embeddable":true,"href":"https:\/\/tvc16.com\/portal\/wp-json\/wp\/v2\/media\/521"}],"wp:attachment":[{"href":"https:\/\/tvc16.com\/portal\/wp-json\/wp\/v2\/media?parent=520"}],"wp:term":[{"taxonomy":"category","embeddable":true,"href":"https:\/\/tvc16.com\/portal\/wp-json\/wp\/v2\/categories?post=520"},{"taxonomy":"post_tag","embeddable":true,"href":"https:\/\/tvc16.com\/portal\/wp-json\/wp\/v2\/tags?post=520"}],"curies":[{"name":"wp","href":"https:\/\/api.w.org\/{rel}","templated":true}]}}