{"id":5207,"date":"2020-11-09T14:53:20","date_gmt":"2020-11-09T14:53:20","guid":{"rendered":"https:\/\/tvc16.com\/portal\/?p=5207"},"modified":"2020-11-09T14:53:20","modified_gmt":"2020-11-09T14:53:20","slug":"escola-firjan-sesi-em-petropolis-abre-processo-seletivo-para-80-vagas-gratuitas-de-ensino-medio-com-curso-tecnico-da-firjan-senai-2","status":"publish","type":"post","link":"https:\/\/tvc16.com\/portal\/2020\/11\/09\/escola-firjan-sesi-em-petropolis-abre-processo-seletivo-para-80-vagas-gratuitas-de-ensino-medio-com-curso-tecnico-da-firjan-senai-2\/","title":{"rendered":"Escola Firjan SESI em Petr\u00f3polis abre processo seletivo para 80 vagas gratuitas de ensino m\u00e9dio com curso t\u00e9cnico da Firjan SENAI"},"content":{"rendered":"\n<p><strong>As inscri\u00e7\u00f5es para o concurso de ingresso para o 1\u00ba ano do Ensino M\u00e9dio da Escola Firjan SESI com Curso T\u00e9cnico da Firjan SENAI est\u00e3o abertas at\u00e9 16 de novembro.\u00a0Podem concorrer \u00e0s vagas jovens com renda familiar mensal per capita bruta de at\u00e9 1,5 sal\u00e1rios m\u00ednimos.<\/strong><\/p>\n\n\n\n<p><a>Jovens que estejam cursando ou tenham terminado o 9\u00ba do Ensino Fundamental podem se candidatar ao processo seletivo de&nbsp;<strong>80<\/strong>&nbsp;<strong>vagas gratuitas para o Ensino M\u00e9dio da Escola Firjan SESI articulado com o Curso T\u00e9cnico da Firjan SENAI.&nbsp;<\/strong>Em Petr\u00f3poliss\u00e3o<strong>&nbsp;76 vagas de ampla concorr\u00eancia&nbsp;<\/strong>e&nbsp;<strong>4 vagas<\/strong>&nbsp;<strong>destinadas \u00e0s pessoas com defici\u00eancia (PCD)<\/strong>. Em todo o Estado do Rio s\u00e3o&nbsp;<strong>1.400 oportunidades<\/strong>&nbsp;distribu\u00eddas em&nbsp;13&nbsp;unidades para aulas em turno integral&nbsp;em 2021.&nbsp;O edital est\u00e1 dispon\u00edvel no site da Escola Firjan SESI (<\/a><a rel=\"noreferrer noopener\" target=\"_blank\" href=\"http:\/\/www.escolafirjansesi.com.br\/ensinomedio).A\">www.escolafirjansesi.com.br\/ensinomedio<\/a><strong>). As inscri\u00e7\u00f5es devem ser realizadas&nbsp;at\u00e9 \u00e0s 18h do dia 16 de novembro<\/strong>.<\/p>\n\n\n\n<p>No ato de inscri\u00e7\u00e3o, os interessados devem fornecer uma autodeclara\u00e7\u00e3o de renda familiar per capita bruta de at\u00e9 1,5 sal\u00e1rios m\u00ednimos (alguns candidatos s\u00e3o dispensados desta obrigatoriedade &#8211; confira detalhes no edital) e&nbsp;apresentar declara\u00e7\u00e3o de escolaridade ou certificado&nbsp;de conclus\u00e3o do 9\u00ba ano do Ensino Fundamental. O processo \u00e9 aberto para a comunidade em geral, com prioridade de vagas para candidatos do 9\u00ba ano da Escola Firjan SESI e para dependentes de industri\u00e1rios ou ex-industri\u00e1rios (neste caso, com at\u00e9 tr\u00eas anos de desligamento da empresa at\u00e9 a data de publica\u00e7\u00e3o do edital).<\/p>\n\n\n\n<p>Na\u00a0<strong>Regi\u00e3o Metropolitana<\/strong>\u00a0s\u00e3o ofertadas\u00a0<strong>680 oportunidades<\/strong>\u00a0e no\u00a0<strong>interior,<\/strong>\u00a0al\u00e9m de Petr\u00f3polis, as\u00a0<strong>720 vagas\u00a0<\/strong>s\u00e3odistribu\u00eddas entre as unidades de Barra do Pira\u00ed, Barra Mansa, Maca\u00e9, Nova Friburgo, Resende e Volta Redonda.<\/p>\n\n\n\n<figure class=\"wp-block-image size-large is-style-rounded\"><img loading=\"lazy\" decoding=\"async\" width=\"1024\" height=\"683\" src=\"https:\/\/tvc16.com\/portal\/wp-content\/uploads\/2020\/11\/Ensino-Medio-da-Escola-Firjan-SESI-com-Curso-Tecnico-da-Firjan-SENAI-Foto-Paula-Johas-6.jpg\" alt=\"\" class=\"wp-image-5208\" srcset=\"https:\/\/tvc16.com\/portal\/wp-content\/uploads\/2020\/11\/Ensino-Medio-da-Escola-Firjan-SESI-com-Curso-Tecnico-da-Firjan-SENAI-Foto-Paula-Johas-6.jpg 1024w, https:\/\/tvc16.com\/portal\/wp-content\/uploads\/2020\/11\/Ensino-Medio-da-Escola-Firjan-SESI-com-Curso-Tecnico-da-Firjan-SENAI-Foto-Paula-Johas-6-300x200.jpg 300w, https:\/\/tvc16.com\/portal\/wp-content\/uploads\/2020\/11\/Ensino-Medio-da-Escola-Firjan-SESI-com-Curso-Tecnico-da-Firjan-SENAI-Foto-Paula-Johas-6-768x512.jpg 768w, https:\/\/tvc16.com\/portal\/wp-content\/uploads\/2020\/11\/Ensino-Medio-da-Escola-Firjan-SESI-com-Curso-Tecnico-da-Firjan-SENAI-Foto-Paula-Johas-6-900x600.jpg 900w\" sizes=\"auto, (max-width: 1024px) 100vw, 1024px\" \/><figcaption>EBEP no Sesi e Senai do maracan\u00e3<\/figcaption><\/figure>\n\n\n\n<p>Regina Malta, gerente geral de Educa\u00e7\u00e3o da Firjan SENAI SESI, destaca que a proposta da institui\u00e7\u00e3o \u00e9 de investir na forma\u00e7\u00e3o de jovens com a perspectiva de futuro, com uma educa\u00e7\u00e3o de qualidade, voltada para o desenvolvimento humano e tecnol\u00f3gico. \u201cA Escola Firjan SESI refor\u00e7a a proposta de unir o Ensino M\u00e9dio com o Curso T\u00e9cnico da Firjan SENAI, preparando os jovens para os desafios da cidadania, do trabalho da inova\u00e7\u00e3o e da continuidade de estudos\u201d.<\/p>\n\n\n\n<p>Mais informa\u00e7\u00f5es tamb\u00e9m podem ser obtidas atrav\u00e9s do telefone&nbsp;<strong>0800 0231 231<\/strong>.<\/p>\n\n\n\n<p><strong>CALEND\u00c1RIO DO EDITAL<\/strong><\/p>\n\n\n\n<p>O edital completo est\u00e1 dispon\u00edvel no site da Escola Firjan SESI e as inscri\u00e7\u00f5es devem ser realizadas atrav\u00e9s do mesmo&nbsp;<a rel=\"noreferrer noopener\" target=\"_blank\" href=\"https:\/\/nam02.safelinks.protection.outlook.com\/?url=http%3A%2F%2Fwww.escolafirjansesi.com.br%2Fensinomedio&amp;data=04%7C01%7CCFARAUJO%40firjan.com.br%7Ccabb86261a154b0f64c508d881938301%7Cd0c698d4e4ea4ee9a79df2d7a78399c8%7C0%7C0%7C637401817857454229%7CUnknown%7CTWFpbGZsb3d8eyJWIjoiMC4wLjAwMDAiLCJQIjoiV2luMzIiLCJBTiI6Ik1haWwiLCJXVCI6Mn0%3D%7C1000&amp;sdata=tBBqFfJM6cQWN1nq12qH%2FxHuex5S8aD0vQugon9D21A%3D&amp;reserved=0\">www.escolafirjansesi.com.br\/ensinomedio<\/a>&nbsp;, at\u00e9 \u00e0s 18h do dia 16 de novembro.<\/p>\n\n\n\n<p>Os locais de prova ser\u00e3o divulgados (on-line) \u00e0s 13h do dia 19 de novembro. As provas ser\u00e3o aplicadas presencialmente no dia 26 de novembro, das 10h \u00e0s 13h. A avalia\u00e7\u00e3o ser\u00e1 composta por 50 quest\u00f5es objetivas de m\u00faltipla escolha, contemplando conte\u00fados L\u00edngua Portuguesa, Matem\u00e1tica, Ci\u00eancias da Natureza e Ci\u00eancias Humanas dos Anos Finais do Ensino Fundamental.<\/p>\n\n\n\n<p>A inscri\u00e7\u00e3o ser\u00e1 feita apenas pelo site da escola e os candidatos t\u00eam que anexar os documentos no momento da mesma. Cada documento anexado &#8211;&nbsp; carteira de identidade; c\u00f3pia do CPF; c\u00f3pia da declara\u00e7\u00e3o de escolaridade&nbsp;ou da declara\u00e7\u00e3o de conclus\u00e3o do 9\u00ba ano do Ensino Fundamental; autodeclara\u00e7\u00e3o de renda (exceto casos justific\u00e1veis &#8211; de acordo com o edital, o qual requerem, tamb\u00e9m, documenta\u00e7\u00e3o espec\u00edfica); comprovante de depend\u00eancia de industri\u00e1rio ou ex-industri\u00e1rio com v\u00ednculo at\u00e9 tr\u00eas anos antes da data de publica\u00e7\u00e3o do edital &#8211; deve ter no m\u00e1ximo 1MB e ser de um dos formatos (pdf, bmp, jpeg ou jpg).<\/p>\n","protected":false},"excerpt":{"rendered":"<p>As inscri\u00e7\u00f5es para o concurso de ingresso para o 1\u00ba ano do Ensino M\u00e9dio da<\/p>\n","protected":false},"author":2,"featured_media":5209,"comment_status":"open","ping_status":"open","sticky":false,"template":"","format":"standard","meta":{"footnotes":""},"categories":[12],"tags":[],"class_list":["post-5207","post","type-post","status-publish","format-standard","has-post-thumbnail","hentry","category-cidade"],"_links":{"self":[{"href":"https:\/\/tvc16.com\/portal\/wp-json\/wp\/v2\/posts\/5207","targetHints":{"allow":["GET"]}}],"collection":[{"href":"https:\/\/tvc16.com\/portal\/wp-json\/wp\/v2\/posts"}],"about":[{"href":"https:\/\/tvc16.com\/portal\/wp-json\/wp\/v2\/types\/post"}],"author":[{"embeddable":true,"href":"https:\/\/tvc16.com\/portal\/wp-json\/wp\/v2\/users\/2"}],"replies":[{"embeddable":true,"href":"https:\/\/tvc16.com\/portal\/wp-json\/wp\/v2\/comments?post=5207"}],"version-history":[{"count":1,"href":"https:\/\/tvc16.com\/portal\/wp-json\/wp\/v2\/posts\/5207\/revisions"}],"predecessor-version":[{"id":5210,"href":"https:\/\/tvc16.com\/portal\/wp-json\/wp\/v2\/posts\/5207\/revisions\/5210"}],"wp:featuredmedia":[{"embeddable":true,"href":"https:\/\/tvc16.com\/portal\/wp-json\/wp\/v2\/media\/5209"}],"wp:attachment":[{"href":"https:\/\/tvc16.com\/portal\/wp-json\/wp\/v2\/media?parent=5207"}],"wp:term":[{"taxonomy":"category","embeddable":true,"href":"https:\/\/tvc16.com\/portal\/wp-json\/wp\/v2\/categories?post=5207"},{"taxonomy":"post_tag","embeddable":true,"href":"https:\/\/tvc16.com\/portal\/wp-json\/wp\/v2\/tags?post=5207"}],"curies":[{"name":"wp","href":"https:\/\/api.w.org\/{rel}","templated":true}]}}