{"id":5217,"date":"2020-11-09T15:01:24","date_gmt":"2020-11-09T15:01:24","guid":{"rendered":"https:\/\/tvc16.com\/portal\/?p=5217"},"modified":"2020-11-09T15:01:24","modified_gmt":"2020-11-09T15:01:24","slug":"campanha-nacional-alerta-caminhoneiros-sobre-roubo-de-cargas","status":"publish","type":"post","link":"https:\/\/tvc16.com\/portal\/2020\/11\/09\/campanha-nacional-alerta-caminhoneiros-sobre-roubo-de-cargas\/","title":{"rendered":"Campanha nacional alerta caminhoneiros sobre roubo de cargas"},"content":{"rendered":"\n<h2 class=\"wp-block-heading\">Ser\u00e3o montados 350 postos de atendimento nas rodovias<\/h2>\n\n\n\n<h4 class=\"wp-block-heading\">Por Vitor Abdala &#8211; Rep\u00f3rter da Ag\u00eancia Brasil &#8211; Rio de Janeiro<\/h4>\n\n\n\n<p>Uma campanha nacional dos Servi\u00e7o Social de Transportes (Sest) e Servi\u00e7o Nacional de Aprendizagem dos Transportes (Senat) vai alertar motoristas de transportes de cargas sobre os riscos de roubos nas rodovias brasileiras. De&nbsp;hoje&nbsp;(9) a&nbsp;sexta-feira (13) ser\u00e3o montados 350 postos de atendimento para os caminhoneiros e outros profissionais do setor.<img decoding=\"async\" src=\"https:\/\/agenciabrasil.ebc.com.br\/ebc.png?id=1392632&amp;o=node\"><img decoding=\"async\" src=\"https:\/\/agenciabrasil.ebc.com.br\/ebc.gif?id=1392632&amp;o=node\"><\/p>\n\n\n\n<p>Nesses locais, montados em pontos de parada credenciados pelo Minist\u00e9rio de Infraestrutura, postos de combust\u00edveis e postos da Pol\u00edcia Rodovi\u00e1ria Federal, os motoristas receber\u00e3o orienta\u00e7\u00f5es sobre planejamento de rotas para evitar roubos de cargas e acidentes.<\/p>\n\n\n\n<p>Tamb\u00e9m ser\u00e3o oferecidos servi\u00e7os de odontologia, fisioterapia, nutri\u00e7\u00e3o e psicologia, al\u00e9m de orienta\u00e7\u00f5es de autoprote\u00e7\u00e3o e preven\u00e7\u00e3o da covid-19.<\/p>\n\n\n\n<p>De acordo com a Sest e o Senat, dados da Associa\u00e7\u00e3o Nacional de Transporte de Cargas e Log\u00edstica mostram que o Brasil registrou mais de 18.300 roubos de cargas em rodovias, causando preju\u00edzos de R$ 1,4 bilh\u00e3o ao setor.<\/p>\n\n\n\n<p>Edi\u00e7\u00e3o: Gra\u00e7a Adjuto<\/p>\n","protected":false},"excerpt":{"rendered":"<p>Ser\u00e3o montados 350 postos de atendimento nas rodovias Por Vitor Abdala &#8211; Rep\u00f3rter da Ag\u00eancia<\/p>\n","protected":false},"author":2,"featured_media":5218,"comment_status":"open","ping_status":"open","sticky":false,"template":"","format":"standard","meta":{"footnotes":""},"categories":[14],"tags":[],"class_list":["post-5217","post","type-post","status-publish","format-standard","has-post-thumbnail","hentry","category-pais"],"_links":{"self":[{"href":"https:\/\/tvc16.com\/portal\/wp-json\/wp\/v2\/posts\/5217","targetHints":{"allow":["GET"]}}],"collection":[{"href":"https:\/\/tvc16.com\/portal\/wp-json\/wp\/v2\/posts"}],"about":[{"href":"https:\/\/tvc16.com\/portal\/wp-json\/wp\/v2\/types\/post"}],"author":[{"embeddable":true,"href":"https:\/\/tvc16.com\/portal\/wp-json\/wp\/v2\/users\/2"}],"replies":[{"embeddable":true,"href":"https:\/\/tvc16.com\/portal\/wp-json\/wp\/v2\/comments?post=5217"}],"version-history":[{"count":1,"href":"https:\/\/tvc16.com\/portal\/wp-json\/wp\/v2\/posts\/5217\/revisions"}],"predecessor-version":[{"id":5219,"href":"https:\/\/tvc16.com\/portal\/wp-json\/wp\/v2\/posts\/5217\/revisions\/5219"}],"wp:featuredmedia":[{"embeddable":true,"href":"https:\/\/tvc16.com\/portal\/wp-json\/wp\/v2\/media\/5218"}],"wp:attachment":[{"href":"https:\/\/tvc16.com\/portal\/wp-json\/wp\/v2\/media?parent=5217"}],"wp:term":[{"taxonomy":"category","embeddable":true,"href":"https:\/\/tvc16.com\/portal\/wp-json\/wp\/v2\/categories?post=5217"},{"taxonomy":"post_tag","embeddable":true,"href":"https:\/\/tvc16.com\/portal\/wp-json\/wp\/v2\/tags?post=5217"}],"curies":[{"name":"wp","href":"https:\/\/api.w.org\/{rel}","templated":true}]}}