{"id":5226,"date":"2020-11-09T15:30:35","date_gmt":"2020-11-09T15:30:35","guid":{"rendered":"https:\/\/tvc16.com\/portal\/?p=5226"},"modified":"2020-11-09T15:30:35","modified_gmt":"2020-11-09T15:30:35","slug":"as-criancas-e-a-covid","status":"publish","type":"post","link":"https:\/\/tvc16.com\/portal\/2020\/11\/09\/as-criancas-e-a-covid\/","title":{"rendered":"AS CRIAN\u00c7AS E A COVID"},"content":{"rendered":"\n<p>Estudo feito por pesquisadores da Universidade de Columbia, nos Estados Unidos, revelou que a resposta imunol\u00f3gica das crian\u00e7as contra o novo coronavirus \u00e9\u00a0<strong><a rel=\"noreferrer noopener\" target=\"_blank\" href=\"http:\/\/click.emailabril.com.br\/?qs=e1c308e38e74d9addc6c0f4c83ec64120d6d775413e2b5f2166ff4d85605ccd5b384e15c80909a0745e4237d86d71d695ba7e440b4699743\">mais fraca<\/a>\u00a0<\/strong>do que a dos adultos. Com isso, os pesquisadores pretendem entender como a idade do doente afeta a forma como o organismo reage ao v\u00edrus. Isso n\u00e3o \u00e9 necessariamente ruim, especialmente quando se leva em conta o fato de que a resposta excessiva do corpo pode ser um dos aspectos que levam ao agravamento da infec\u00e7\u00e3o. Assim, como a rea\u00e7\u00e3o das crian\u00e7as \u00e9 menos intensa, se espera que elas se curem mais r\u00e1pido. Os especialistas analisaram 79 pessoas entre mar\u00e7o e junto.<\/p>\n","protected":false},"excerpt":{"rendered":"<p>Estudo feito por pesquisadores da Universidade de Columbia, nos Estados Unidos, revelou que a resposta<\/p>\n","protected":false},"author":2,"featured_media":5227,"comment_status":"open","ping_status":"open","sticky":false,"template":"","format":"standard","meta":{"footnotes":""},"categories":[13],"tags":[],"class_list":["post-5226","post","type-post","status-publish","format-standard","has-post-thumbnail","hentry","category-saude"],"_links":{"self":[{"href":"https:\/\/tvc16.com\/portal\/wp-json\/wp\/v2\/posts\/5226","targetHints":{"allow":["GET"]}}],"collection":[{"href":"https:\/\/tvc16.com\/portal\/wp-json\/wp\/v2\/posts"}],"about":[{"href":"https:\/\/tvc16.com\/portal\/wp-json\/wp\/v2\/types\/post"}],"author":[{"embeddable":true,"href":"https:\/\/tvc16.com\/portal\/wp-json\/wp\/v2\/users\/2"}],"replies":[{"embeddable":true,"href":"https:\/\/tvc16.com\/portal\/wp-json\/wp\/v2\/comments?post=5226"}],"version-history":[{"count":1,"href":"https:\/\/tvc16.com\/portal\/wp-json\/wp\/v2\/posts\/5226\/revisions"}],"predecessor-version":[{"id":5228,"href":"https:\/\/tvc16.com\/portal\/wp-json\/wp\/v2\/posts\/5226\/revisions\/5228"}],"wp:featuredmedia":[{"embeddable":true,"href":"https:\/\/tvc16.com\/portal\/wp-json\/wp\/v2\/media\/5227"}],"wp:attachment":[{"href":"https:\/\/tvc16.com\/portal\/wp-json\/wp\/v2\/media?parent=5226"}],"wp:term":[{"taxonomy":"category","embeddable":true,"href":"https:\/\/tvc16.com\/portal\/wp-json\/wp\/v2\/categories?post=5226"},{"taxonomy":"post_tag","embeddable":true,"href":"https:\/\/tvc16.com\/portal\/wp-json\/wp\/v2\/tags?post=5226"}],"curies":[{"name":"wp","href":"https:\/\/api.w.org\/{rel}","templated":true}]}}