{"id":5229,"date":"2020-11-09T15:32:38","date_gmt":"2020-11-09T15:32:38","guid":{"rendered":"https:\/\/tvc16.com\/portal\/?p=5229"},"modified":"2020-11-09T15:32:38","modified_gmt":"2020-11-09T15:32:38","slug":"defensoria-do-rio-cria-observatorio-sobre-intolerancia-politica-contra-mulheres-no-processo-eleitoral-de-2020","status":"publish","type":"post","link":"https:\/\/tvc16.com\/portal\/2020\/11\/09\/defensoria-do-rio-cria-observatorio-sobre-intolerancia-politica-contra-mulheres-no-processo-eleitoral-de-2020\/","title":{"rendered":"Defensoria do Rio cria observat\u00f3rio sobre intoler\u00e2ncia pol\u00edtica contra mulheres no processo eleitoral de 2020"},"content":{"rendered":"\n<p><strong><br><em>Popula\u00e7\u00e3o LGBT+ e negra tamb\u00e9m s\u00e3o alvo da iniciativa, feita em parceria com o Instituto Alziras. Relatos podem ser encaminhados em formul\u00e1rio pr\u00f3prio pela internet<\/em><\/strong><\/p>\n\n\n\n<p><br>\u00a0A Defensoria P\u00fablica do Rio e o Instituto Alziras lan\u00e7aram na \u00faltima sexta-feira (6) \u00a0o Observat\u00f3rio da Intoler\u00e2ncia Pol\u00edtica. O objetivo \u00e9 coletar dados sobre os casos de viol\u00eancia e intoler\u00e2ncia pol\u00edtica, principalmente contra mulheres, ocorridos durante o per\u00edodo eleitoral de 2020 no Estado do Rio de Janeiro e, partir da\u00ed, produzir um estudo que colabore para o enfrentamento de um grave problema social, que ainda passa despercebido. Nesta segunda-feira, a Defensoria inicia tamb\u00e9m uma campanha de conscientiza\u00e7\u00e3o em suas redes sociais para a viol\u00eancia pol\u00edtica de g\u00eanero.<\/p>\n\n\n\n<p>O trabalho conta com a articula\u00e7\u00e3o da Ouvidoria e dos n\u00facleos de defesa das Mulheres (Nudem), da Diversidade Sexual (Nudiversis) e de Combate ao Racismo (Nucora) do \u00f3rg\u00e3o. A coleta de dados para o Observat\u00f3rio ser\u00e1 feita por meio de question\u00e1rio, que pode ser preenchido por eleitora\/cidad\u00e3; candidata ou ativista\/militante. Os relatos ser\u00e3o transformados em dados estat\u00edsticos, sendo vedado o uso de modo individual, que possa identificar as respondentes. Al\u00e9m do question\u00e1rio, o formul\u00e1rio tamb\u00e9m traz informa\u00e7\u00f5es sobre todos os canais de atendimento da Defensoria, caso haja interesse na assist\u00eancia jur\u00eddica.&nbsp;<\/p>\n\n\n\n<p>\u201cA cria\u00e7\u00e3o do Observat\u00f3rio \u00e9 fruto de uma sugest\u00e3o do Instituto Alziras \u00e0 Ouvidoria, para que acompanh\u00e1ssemos de perto o problema da intoler\u00e2ncia e viol\u00eancia pol\u00edtica nas elei\u00e7\u00f5es, em especial contra mulheres, pessoas negras, LGBTs e determinados perfis ideol\u00f3gicos. Como a Defensoria \u00e9 \u201cinstrumento e express\u00e3o do regime democr\u00e1tico\u201d, como diz nossa Constitui\u00e7\u00e3o, aceitamos a sugest\u00e3o prontamente\u201d, ressalta Guilherme Pimentel, ouvidor-geral da Defensoria.<\/p>\n\n\n\n<p>Para registrar um caso de viol\u00eancia\/intoler\u00e2ncia pol\u00edtica, basta entrar no site da Defensoria (defensoria.rj.def.br) ou acessar o link https:\/\/t.co\/88YM1Z6UX3.&nbsp;<\/p>\n\n\n\n<p><strong>Campanha<\/strong><\/p>\n\n\n\n<p>\u201cA pol\u00edtica n\u00e3o \u00e9 apenas um espa\u00e7o no qual as mulheres est\u00e3o subrepresentadas. \u00c9 nela tamb\u00e9m que muitas mulheres s\u00e3o submetidas \u00e0 in\u00fameros ataques que lhes s\u00e3o direcionados simplesmente por serem mulheres, em desrespeito ao seu exerc\u00edcio pol\u00edtico, e que devem ser enfrentados desde antes do seu ingresso\u201d, afirma Roberta Eug\u00eanio, integrante do Instituto Alziras. Segundo dados do Instituto, para as prefeitas brasileiras, a viol\u00eancia pol\u00edtica \u00e9 a segunda principal barreira para acesso e perman\u00eancia na pol\u00edtica e mais da metade delas indicaram j\u00e1 terem sido v\u00edtimas desse tipo de ataque.&nbsp;<\/p>\n\n\n\n<p>A campanha nas redes sociais contempla dez passos para o enfrentamento dessa viol\u00eancia pol\u00edtica, em conjunto com o formul\u00e1rio para a coleta de casos vividos por eleitoras e candidatas. \u201cO objetivo \u00e9 trazer a import\u00e2ncia do combate a essas pr\u00e1ticas tamb\u00e9m para o per\u00edodo eleitoral, quando a viol\u00eancia pol\u00edtica \u00e9 utilizada como estrat\u00e9gia por muitas candidaturas. Como diz o tema a campanha: a viol\u00eancia pol\u00edtica \u00e9 um problema de todos, n\u00e3o apenas das mulheres, e o preju\u00edzo \u00e9 para a democracia\u201d, sustenta Roberta .<\/p>\n","protected":false},"excerpt":{"rendered":"<p>Popula\u00e7\u00e3o LGBT+ e negra tamb\u00e9m s\u00e3o alvo da iniciativa, feita em parceria com o Instituto<\/p>\n","protected":false},"author":2,"featured_media":5230,"comment_status":"open","ping_status":"open","sticky":false,"template":"","format":"standard","meta":{"footnotes":""},"categories":[17],"tags":[],"class_list":["post-5229","post","type-post","status-publish","format-standard","has-post-thumbnail","hentry","category-outras-noticias"],"_links":{"self":[{"href":"https:\/\/tvc16.com\/portal\/wp-json\/wp\/v2\/posts\/5229","targetHints":{"allow":["GET"]}}],"collection":[{"href":"https:\/\/tvc16.com\/portal\/wp-json\/wp\/v2\/posts"}],"about":[{"href":"https:\/\/tvc16.com\/portal\/wp-json\/wp\/v2\/types\/post"}],"author":[{"embeddable":true,"href":"https:\/\/tvc16.com\/portal\/wp-json\/wp\/v2\/users\/2"}],"replies":[{"embeddable":true,"href":"https:\/\/tvc16.com\/portal\/wp-json\/wp\/v2\/comments?post=5229"}],"version-history":[{"count":1,"href":"https:\/\/tvc16.com\/portal\/wp-json\/wp\/v2\/posts\/5229\/revisions"}],"predecessor-version":[{"id":5231,"href":"https:\/\/tvc16.com\/portal\/wp-json\/wp\/v2\/posts\/5229\/revisions\/5231"}],"wp:featuredmedia":[{"embeddable":true,"href":"https:\/\/tvc16.com\/portal\/wp-json\/wp\/v2\/media\/5230"}],"wp:attachment":[{"href":"https:\/\/tvc16.com\/portal\/wp-json\/wp\/v2\/media?parent=5229"}],"wp:term":[{"taxonomy":"category","embeddable":true,"href":"https:\/\/tvc16.com\/portal\/wp-json\/wp\/v2\/categories?post=5229"},{"taxonomy":"post_tag","embeddable":true,"href":"https:\/\/tvc16.com\/portal\/wp-json\/wp\/v2\/tags?post=5229"}],"curies":[{"name":"wp","href":"https:\/\/api.w.org\/{rel}","templated":true}]}}