{"id":5232,"date":"2020-11-09T15:58:50","date_gmt":"2020-11-09T15:58:50","guid":{"rendered":"https:\/\/tvc16.com\/portal\/?p=5232"},"modified":"2020-11-09T15:59:43","modified_gmt":"2020-11-09T15:59:43","slug":"candidatos-prefeitura-de-petropolis-correm-contra-o-tempo-cada-voto-importa","status":"publish","type":"post","link":"https:\/\/tvc16.com\/portal\/2020\/11\/09\/candidatos-prefeitura-de-petropolis-correm-contra-o-tempo-cada-voto-importa\/","title":{"rendered":"Candidatos \u00e0 prefeitura de Petr\u00f3polis correm contra o tempo, cada voto importa"},"content":{"rendered":"\n<p>Candidatos aceleram campanha e rodam a Cidade atr\u00e1s de cada voto<\/p>\n\n\n\n<p>Neste s\u00e1bado, Ramon 70 fez caminhada pelo Centro da cidade apresentando suas propostas e ouvindo as demandas dos moradores do local.&nbsp;No domingo, o dia do candidato do Ramon 70 baseou-se em uma grande carreata de Posse ao Centro, onde contou com o apoio de mais de 100 carros.<\/p>\n\n\n\n<figure class=\"wp-block-image size-large\"><img loading=\"lazy\" decoding=\"async\" width=\"1024\" height=\"682\" src=\"https:\/\/tvc16.com\/portal\/wp-content\/uploads\/2020\/11\/ramon-1024x682.jpeg\" alt=\"\" class=\"wp-image-5233\" srcset=\"https:\/\/tvc16.com\/portal\/wp-content\/uploads\/2020\/11\/ramon-1024x682.jpeg 1024w, https:\/\/tvc16.com\/portal\/wp-content\/uploads\/2020\/11\/ramon-300x200.jpeg 300w, https:\/\/tvc16.com\/portal\/wp-content\/uploads\/2020\/11\/ramon-768x512.jpeg 768w, https:\/\/tvc16.com\/portal\/wp-content\/uploads\/2020\/11\/ramon-900x600.jpeg 900w, https:\/\/tvc16.com\/portal\/wp-content\/uploads\/2020\/11\/ramon.jpeg 1280w\" sizes=\"auto, (max-width: 1024px) 100vw, 1024px\" \/><figcaption>Candidato Ramon Mello<\/figcaption><\/figure>\n\n\n\n<p><strong>De volta \u00e0s ruas, Bernardo Rossi visita feira livre e faz carreata&nbsp;<\/strong><\/p>\n\n\n\n<p>O candidato \u00e0 reelei\u00e7\u00e3o Bernardo Rossi (PL) retomou suas atividades p\u00fablicas neste s\u00e1bado (07) ap\u00f3s o per\u00edodo de isolamento por conta da covid-19. A primeira visita de Bernardo Rossi foi na feira livre do Centro, onde aproveitou para conversar com os feirantes sobre os destaques do seu plano de governo para a \u00e1rea da agricultura. <\/p>\n\n\n\n<figure class=\"wp-block-image size-large\"><img loading=\"lazy\" decoding=\"async\" width=\"800\" height=\"533\" src=\"https:\/\/tvc16.com\/portal\/wp-content\/uploads\/2020\/11\/bernardo.jpg\" alt=\"\" class=\"wp-image-5234\" srcset=\"https:\/\/tvc16.com\/portal\/wp-content\/uploads\/2020\/11\/bernardo.jpg 800w, https:\/\/tvc16.com\/portal\/wp-content\/uploads\/2020\/11\/bernardo-300x200.jpg 300w, https:\/\/tvc16.com\/portal\/wp-content\/uploads\/2020\/11\/bernardo-768x512.jpg 768w\" sizes=\"auto, (max-width: 800px) 100vw, 800px\" \/><figcaption>Candidato \u00e0 reelei\u00e7\u00e3o Bernardo Rossi<\/figcaption><\/figure>\n\n\n\n<p><strong>Retomar o di\u00e1logo com as comunidade \u00e9 um dos compromissos de Bomtempo e Mustrangi<\/strong><\/p>\n\n\n\n<p>\u201cTemos um projeto para Petr\u00f3polis retomar a economia, a sa\u00fade, a educa\u00e7\u00e3o e todos os servi\u00e7os b\u00e1sicos essenciais para a melhoria da qualidade de vida da popula\u00e7\u00e3o\u201d, ressaltou o candidato a prefeito Rubens Bomtempo (PSB), ao lado do vice Paulo Mustrangi (Solidariedade) aos moradores e comerciantes dos bairros Provis\u00f3ria, Esperan\u00e7a e da Rua do T\u00fanel, no Quissam\u00e3, neste domingo (8). <\/p>\n\n\n\n<figure class=\"wp-block-image size-large\"><img loading=\"lazy\" decoding=\"async\" width=\"1024\" height=\"684\" src=\"https:\/\/tvc16.com\/portal\/wp-content\/uploads\/2020\/11\/bomtempo-1-1024x684.jpg\" alt=\"\" class=\"wp-image-5236\" srcset=\"https:\/\/tvc16.com\/portal\/wp-content\/uploads\/2020\/11\/bomtempo-1-1024x684.jpg 1024w, https:\/\/tvc16.com\/portal\/wp-content\/uploads\/2020\/11\/bomtempo-1-300x201.jpg 300w, https:\/\/tvc16.com\/portal\/wp-content\/uploads\/2020\/11\/bomtempo-1-768x513.jpg 768w, https:\/\/tvc16.com\/portal\/wp-content\/uploads\/2020\/11\/bomtempo-1-1536x1027.jpg 1536w\" sizes=\"auto, (max-width: 1024px) 100vw, 1024px\" \/><figcaption>Candidato Rubens Bomtempo<\/figcaption><\/figure>\n\n\n\n<p>Professor Leandro Azevedo reafirma compromisso com a Educa\u00e7\u00e3o e com os servidores<\/p>\n\n\n\n<p>Durante caminhada pelas comunidades da Estrada da Saudade e o Vale das Videiras, o professor Leandro Azevedo, candidato a prefeito pelo PSD, reafirmou o compromisso com a Educa\u00e7\u00e3o e os servidores. Ele conversou com os moradores e apresentou suas propostas para transformar a Educa\u00e7\u00e3o do munic\u00edpio e valorizar os profissionais.<\/p>\n\n\n\n<figure class=\"wp-block-image size-large\"><img loading=\"lazy\" decoding=\"async\" width=\"1024\" height=\"681\" src=\"https:\/\/tvc16.com\/portal\/wp-content\/uploads\/2020\/11\/124097864_3483521238406549_7684436387580771734_o-1024x681.jpg\" alt=\"\" class=\"wp-image-5237\" srcset=\"https:\/\/tvc16.com\/portal\/wp-content\/uploads\/2020\/11\/124097864_3483521238406549_7684436387580771734_o-1024x681.jpg 1024w, https:\/\/tvc16.com\/portal\/wp-content\/uploads\/2020\/11\/124097864_3483521238406549_7684436387580771734_o-300x199.jpg 300w, https:\/\/tvc16.com\/portal\/wp-content\/uploads\/2020\/11\/124097864_3483521238406549_7684436387580771734_o-768x511.jpg 768w, https:\/\/tvc16.com\/portal\/wp-content\/uploads\/2020\/11\/124097864_3483521238406549_7684436387580771734_o-1536x1021.jpg 1536w, https:\/\/tvc16.com\/portal\/wp-content\/uploads\/2020\/11\/124097864_3483521238406549_7684436387580771734_o-900x600.jpg 900w, https:\/\/tvc16.com\/portal\/wp-content\/uploads\/2020\/11\/124097864_3483521238406549_7684436387580771734_o.jpg 1782w\" sizes=\"auto, (max-width: 1024px) 100vw, 1024px\" \/><figcaption>Candidato Leandro Azevedo<\/figcaption><\/figure>\n\n\n\n<p>&#8220;Dia muito produtivo, no qual foi poss\u00edvel conhecer mais moradores e comerciantes dos locais&#8221;<\/p>\n\n\n\n<p>O Coronel Vieira Neto &#8211; 28, candidato a prefeito pela coliga\u00e7\u00e3o Petr\u00f3polis: direita, em ordem e unida! (PRTB\/PMN) come\u00e7ou o domingo com uma caminhada pelo bairro de Cascatinha, passando pela Vila Oper\u00e1ria e adjac\u00eancias. Durante a tarde, a equipe deslocou-se para a Mosela, Bataillard e Pedras Brancas.&nbsp; <\/p>\n\n\n\n<figure class=\"wp-block-image size-large\"><img loading=\"lazy\" decoding=\"async\" width=\"1024\" height=\"768\" src=\"https:\/\/tvc16.com\/portal\/wp-content\/uploads\/2020\/11\/coronel-1024x768.jpg\" alt=\"\" class=\"wp-image-5238\" srcset=\"https:\/\/tvc16.com\/portal\/wp-content\/uploads\/2020\/11\/coronel-1024x768.jpg 1024w, https:\/\/tvc16.com\/portal\/wp-content\/uploads\/2020\/11\/coronel-300x225.jpg 300w, https:\/\/tvc16.com\/portal\/wp-content\/uploads\/2020\/11\/coronel-768x576.jpg 768w, https:\/\/tvc16.com\/portal\/wp-content\/uploads\/2020\/11\/coronel-200x150.jpg 200w, https:\/\/tvc16.com\/portal\/wp-content\/uploads\/2020\/11\/coronel.jpg 1280w\" sizes=\"auto, (max-width: 1024px) 100vw, 1024px\" \/><figcaption>Candidato Coronel Vieira Neto<\/figcaption><\/figure>\n\n\n\n<p>IMPORTANTE! OS DEMAIS CANDIDATOS N\u00c3O ENVIARAM INFORMA\u00c7\u00d5ES.<\/p>\n\n\n\n<p>SE O SEU CANDIDATO, N\u00c3O EST\u00c1 NESTA EDI\u00c7\u00c3O, COBRE \u00c0 SUA ASSESSORIA.<\/p>\n\n\n\n<p>ESTAMOS A DISPOSI\u00c7\u00c3O ATRAV\u00c9S DO EMAIL: bethdeoliveira@yahoo.com.br<\/p>\n\n\n\n<p><\/p>\n","protected":false},"excerpt":{"rendered":"<p>Candidatos aceleram campanha e rodam a Cidade atr\u00e1s de cada voto Neste s\u00e1bado, Ramon 70<\/p>\n","protected":false},"author":2,"featured_media":5239,"comment_status":"open","ping_status":"open","sticky":false,"template":"","format":"standard","meta":{"footnotes":""},"categories":[12],"tags":[],"class_list":["post-5232","post","type-post","status-publish","format-standard","has-post-thumbnail","hentry","category-cidade"],"_links":{"self":[{"href":"https:\/\/tvc16.com\/portal\/wp-json\/wp\/v2\/posts\/5232","targetHints":{"allow":["GET"]}}],"collection":[{"href":"https:\/\/tvc16.com\/portal\/wp-json\/wp\/v2\/posts"}],"about":[{"href":"https:\/\/tvc16.com\/portal\/wp-json\/wp\/v2\/types\/post"}],"author":[{"embeddable":true,"href":"https:\/\/tvc16.com\/portal\/wp-json\/wp\/v2\/users\/2"}],"replies":[{"embeddable":true,"href":"https:\/\/tvc16.com\/portal\/wp-json\/wp\/v2\/comments?post=5232"}],"version-history":[{"count":2,"href":"https:\/\/tvc16.com\/portal\/wp-json\/wp\/v2\/posts\/5232\/revisions"}],"predecessor-version":[{"id":5241,"href":"https:\/\/tvc16.com\/portal\/wp-json\/wp\/v2\/posts\/5232\/revisions\/5241"}],"wp:featuredmedia":[{"embeddable":true,"href":"https:\/\/tvc16.com\/portal\/wp-json\/wp\/v2\/media\/5239"}],"wp:attachment":[{"href":"https:\/\/tvc16.com\/portal\/wp-json\/wp\/v2\/media?parent=5232"}],"wp:term":[{"taxonomy":"category","embeddable":true,"href":"https:\/\/tvc16.com\/portal\/wp-json\/wp\/v2\/categories?post=5232"},{"taxonomy":"post_tag","embeddable":true,"href":"https:\/\/tvc16.com\/portal\/wp-json\/wp\/v2\/tags?post=5232"}],"curies":[{"name":"wp","href":"https:\/\/api.w.org\/{rel}","templated":true}]}}