{"id":5258,"date":"2020-11-09T17:41:48","date_gmt":"2020-11-09T17:41:48","guid":{"rendered":"https:\/\/tvc16.com\/portal\/?p=5258"},"modified":"2020-11-09T17:41:48","modified_gmt":"2020-11-09T17:41:48","slug":"seguranca-presente-lei-seca-e-marcha-pela-cidadania-e-ordem-vao-atuar-nas-eleicoes-%ef%bb%bf","status":"publish","type":"post","link":"https:\/\/tvc16.com\/portal\/2020\/11\/09\/seguranca-presente-lei-seca-e-marcha-pela-cidadania-e-ordem-vao-atuar-nas-eleicoes-%ef%bb%bf\/","title":{"rendered":"Seguran\u00e7a Presente, Lei Seca e Marcha pela Cidadania e Ordem v\u00e3o atuar nas elei\u00e7\u00f5es \ufeff"},"content":{"rendered":"\n<p><em>Estado do RJ  contar\u00e1 com cerca de 30 mil policiais civis e militares no patrulhamento durante o dia de vota\u00e7\u00e3o<\/em><\/p>\n\n\n\n<p>Este ano, pela primeira vez, 600 agentes que trabalham nos programas Seguran\u00e7a Presente, Lei Seca e Marcha pela Cidadania e Ordem v\u00e3o refor\u00e7ar o patrulhamento durante as elei\u00e7\u00f5es municipais no estado.&nbsp;Ao todo, haver\u00e1 cerca de 30 mil policiais, entre civis e militares, garantindo o processo de vota\u00e7\u00e3o no Rio de Janeiro. O pedido de apoio das for\u00e7as estaduais foi feito ao governador em exerc\u00edcio Claudio Castro pelo Tribunal Regional Eleitoral (TRE-RJ). Desta vez, a elei\u00e7\u00e3o 2020 n\u00e3o contar\u00e1 com a participa\u00e7\u00e3o da For\u00e7a Nacional de Seguran\u00e7a (FNS).<\/p>\n\n\n\n<p>&#8211; Recebi a liga\u00e7\u00e3o do presidente do TRE-RJ, o&nbsp;desembargador Cl\u00e1udio Brand\u00e3o, com a inten\u00e7\u00e3o de estabelecermos uma grande parceria.&nbsp; Ele demonstrou confian\u00e7a no governo do estado e nas for\u00e7as de seguran\u00e7a estaduais e, em seguida, tamb\u00e9m avaliamos a ideia de incluir os agentes do Seguran\u00e7a Presente, da Lei Seca e Marcha nas elei\u00e7\u00f5es municipais. \u00c9 um orgulho para n\u00f3s este convite do TRE-RJ, e estamos gratos. Quero agradecer aos esfor\u00e7os de cada um dos senhores e senhoras que tem se dedicado a levar seguran\u00e7a \u00e0 popula\u00e7\u00e3o \u2013 afirmou o governador, dirigindo-se aos agentes que participaram de uma capacita\u00e7\u00e3o promovida pelo TRE, nesta segunda-feira, no Pal\u00e1cio Guanabara.<\/p>\n\n\n\n<p>No total, 22.036 policiais militares e 8 mil policiais civis estar\u00e3o a postos para refor\u00e7ar a seguran\u00e7a de quase 5 mil locais de vota\u00e7\u00e3o. Eles tamb\u00e9m dar\u00e3o suporte \u00e0 escolta das urnas eletr\u00f4nicas e apura\u00e7\u00e3o dos votos. As unidades de opera\u00e7\u00f5es especiais das duas pol\u00edcias tamb\u00e9m ficar\u00e3o de prontid\u00e3o para qualquer necessidade de acionamento.<\/p>\n\n\n\n<p>J\u00e1 os 600 agentes dos programas Seguran\u00e7a Presente, Lei Seca e Marcha pela Cidadania e Ordem, al\u00e9m do apoio no patrulhamento e do atendimento \u00e0 popula\u00e7\u00e3o, tamb\u00e9m ter\u00e3o a miss\u00e3o de garantir o uso de m\u00e1scaras e o distanciamento social necess\u00e1rio a fim de evitar a dissemina\u00e7\u00e3o da Covid-19.<\/p>\n\n\n\n<p>&#8211; Os agentes complementam o servi\u00e7o de seguran\u00e7a p\u00fablica. Eles far\u00e3o a diferen\u00e7a, j\u00e1 que atuam diariamente em programas de sucesso que t\u00eam a credibilidade das pessoas. O trabalho que realizamos de pol\u00edcia de proximidade trar\u00e1 um diferencial a essas elei\u00e7\u00f5es. Com cuidado e cordialidade, temos certeza que teremos uma elei\u00e7\u00e3o segura e cidad\u00e3 em 2020 \u2013 ressaltou o subsecret\u00e1rio de A\u00e7\u00f5es Estrat\u00e9gicas da Secretaria da Casa Civil, Ant\u00f4nio Carlos dos Santos.&nbsp;<\/p>\n","protected":false},"excerpt":{"rendered":"<p>Estado do RJ contar\u00e1 com cerca de 30 mil policiais civis e militares no patrulhamento<\/p>\n","protected":false},"author":2,"featured_media":5259,"comment_status":"open","ping_status":"open","sticky":false,"template":"","format":"standard","meta":{"footnotes":""},"categories":[17],"tags":[],"class_list":["post-5258","post","type-post","status-publish","format-standard","has-post-thumbnail","hentry","category-outras-noticias"],"_links":{"self":[{"href":"https:\/\/tvc16.com\/portal\/wp-json\/wp\/v2\/posts\/5258","targetHints":{"allow":["GET"]}}],"collection":[{"href":"https:\/\/tvc16.com\/portal\/wp-json\/wp\/v2\/posts"}],"about":[{"href":"https:\/\/tvc16.com\/portal\/wp-json\/wp\/v2\/types\/post"}],"author":[{"embeddable":true,"href":"https:\/\/tvc16.com\/portal\/wp-json\/wp\/v2\/users\/2"}],"replies":[{"embeddable":true,"href":"https:\/\/tvc16.com\/portal\/wp-json\/wp\/v2\/comments?post=5258"}],"version-history":[{"count":1,"href":"https:\/\/tvc16.com\/portal\/wp-json\/wp\/v2\/posts\/5258\/revisions"}],"predecessor-version":[{"id":5260,"href":"https:\/\/tvc16.com\/portal\/wp-json\/wp\/v2\/posts\/5258\/revisions\/5260"}],"wp:featuredmedia":[{"embeddable":true,"href":"https:\/\/tvc16.com\/portal\/wp-json\/wp\/v2\/media\/5259"}],"wp:attachment":[{"href":"https:\/\/tvc16.com\/portal\/wp-json\/wp\/v2\/media?parent=5258"}],"wp:term":[{"taxonomy":"category","embeddable":true,"href":"https:\/\/tvc16.com\/portal\/wp-json\/wp\/v2\/categories?post=5258"},{"taxonomy":"post_tag","embeddable":true,"href":"https:\/\/tvc16.com\/portal\/wp-json\/wp\/v2\/tags?post=5258"}],"curies":[{"name":"wp","href":"https:\/\/api.w.org\/{rel}","templated":true}]}}