{"id":5261,"date":"2020-11-10T12:17:06","date_gmt":"2020-11-10T12:17:06","guid":{"rendered":"https:\/\/tvc16.com\/portal\/?p=5261"},"modified":"2020-11-10T12:17:06","modified_gmt":"2020-11-10T12:17:06","slug":"pais-desperdica-cerca-de-22-do-pib-por-ano-com-o-custo-brasil","status":"publish","type":"post","link":"https:\/\/tvc16.com\/portal\/2020\/11\/10\/pais-desperdica-cerca-de-22-do-pib-por-ano-com-o-custo-brasil\/","title":{"rendered":"Pa\u00eds desperdi\u00e7a cerca de 22% do PIB por ano com o Custo Brasil"},"content":{"rendered":"\n<p>Segundo o Minist\u00e9rio da Economia, valor chega a R$ 1,5 trilh\u00e3o em itens como burocracia, infraestrutura prec\u00e1ria e inseguran\u00e7a jur\u00eddica ou regulat\u00f3ria<\/p>\n\n\n\n<p>Todos os anos, o Brasil desperdi\u00e7a cerca de R$ 1,5 trilh\u00e3o com o Custo Brasil, valor equivalente a aproximadamente 22% do Produto Interno Bruto (PIB). \u00c9 o que aponta um levantamento feito pelo Minist\u00e9rio da Economia, em parceria com o setor privado. Esse valor \u00e9 referente \u00e0 despesa adicional com itens como burocracia, infraestrutura prec\u00e1ria e inseguran\u00e7a jur\u00eddica ou regulat\u00f3ria.<br><br>O Custo Brasil faz refer\u00eancia abrangente a diversos fatores que t\u00eam influ\u00eancia negativa no ambiente empresarial brasileiro, entre elas, por exemplo, quest\u00f5es institucionais e tribut\u00e1rias. O estudo para elabora\u00e7\u00e3o do projeto considerou 12 itens, entre eles abrir um neg\u00f3cio, financiamento, empregar capital humano, pagamento de tributos, infraestrutura e ambiente jur\u00eddico e regulat\u00f3rio eficaz.<br><br>A pesquisa ainda considerou fatores do entorno institucional e macroecon\u00f4mico que t\u00eam influ\u00eancia no Custo Brasil, como servi\u00e7os p\u00fablicos essenciais e de qualidade, equidade e inclus\u00e3o econ\u00f4mica, estabilidade monet\u00e1ria, equil\u00edbrio fiscal e balan\u00e7o de pagamento equilibrado.&nbsp;<\/p>\n\n\n\n<p><strong><a href=\"https:\/\/brasil61.com\/noticias\/economia-nacional-deve-retrair-4-2-em-2020-e-especialistas-atribuem-a-queda-ao-periodo-de-transicao-do-setor-pind202246\">Economia nacional deve retrair 4,2% em 2020 e especialistas atribuem a queda ao per\u00edodo de transi\u00e7\u00e3o do setor<\/a><\/strong><\/p>\n\n\n\n<p><strong><a href=\"https:\/\/brasil61.com\/noticias\/necessidade-estimula-empreendedorismo-para-geracao-de-renda-e-emprego-no-pos-pandemia-sebr200019\">Necessidade estimula empreendedorismo para gera\u00e7\u00e3o de renda e emprego no p\u00f3s-pandemia<\/a><\/strong><\/p>\n\n\n\n<p><strong><a href=\"https:\/\/brasil61.com\/noticias\/para-41-dos-brasileiros-produtividade-aumentou-com-teletrabalho-aponta-pesquisa-bras202136\">Para 41% dos brasileiros produtividade aumentou com teletrabalho, aponta pesquisa<\/a><\/strong><br><br>Para o respons\u00e1vel pelo projeto do Minist\u00e9rio da Economia, Jorge Luiz de Lima, a falta de conhecimento m\u00fatuo dos setores p\u00fablico e privado \u00e9 um dos fatores que impulsionam o Custo Brasil. \u201cDo mesmo jeito que o setor produtivo pouco conhece de governo, o inverso tamb\u00e9m \u00e9 verdade. Travaram tanto a m\u00e1quina administrativa que ningu\u00e9m l\u00e1 dentro consegue sair. Imagina que a pessoas que est\u00e3o fazendo marcos regulat\u00f3rios das leis n\u00e3o conhecem o Brasil, n\u00e3o conhecem o setor produtivo. Ditam a norma sem conhecer\u201d, opina.&nbsp;<br><br>Segundo Jorge de Lima, todos os estados brasileiros devem ser inclu\u00eddos no projeto, respeitando as particularidades de cada regi\u00e3o. \u201cTemos que fazer o Custo Brasil de ponta a ponta (do Pa\u00eds). \u00c9 a \u00fanica chance de enxergar o Brasil como um todo. Precisamos olhar o Brasil como se cada unidade federativa fosse um pa\u00eds diferente. Este \u00e9 um projeto de pa\u00eds, e n\u00e3o de governo: se o setor produtivo se movimentar esse projeto sai do papel e construiremos um pa\u00eds muito mais competitivo\u201d, afirma.&nbsp;<br><br>Para o presidente da Federa\u00e7\u00e3o das Ind\u00fastrias de Mato Grosso (Fiemt), Gustavo de Oliveira, h\u00e1 urg\u00eancia em mudan\u00e7as estruturais no setor p\u00fablico. \u201cBasicamente, um quarto da nossa riqueza \u00e9 destru\u00edda em inefici\u00eancia. A busca de solu\u00e7\u00e3o para esse problema \u00e9 um dos assuntos mais importantes para os empres\u00e1rios\u201d, diz. \u201cTemos urg\u00eancia em mudan\u00e7as estruturais no setor p\u00fablico, \u00e9 preciso reduzir burocracia e simplificar processos para que tenhamos condi\u00e7\u00f5es de competitividade com nossos concorrentes que t\u00eam situa\u00e7\u00f5es muito mais avan\u00e7adas mundo afora\u201d, completa.&nbsp;<\/p>\n\n\n\n<p>Fonte: <a href=\"https:\/\/brasil61.com\/noticias\/pais-desperdica-cerca-de-22-do-pib-por-ano-com-o-custo-brasil-pind202258?email=bethdeoliveira@yahoo.com.br&amp;utm_source=email_individual&amp;utm_medium=email_individual&amp;utm_campaign=email_individual\" target=\"_blank\" rel=\"noreferrer noopener\">Brasil 61<\/a><\/p>\n","protected":false},"excerpt":{"rendered":"<p>Segundo o Minist\u00e9rio da Economia, valor chega a R$ 1,5 trilh\u00e3o em itens como burocracia,<\/p>\n","protected":false},"author":2,"featured_media":5262,"comment_status":"open","ping_status":"open","sticky":false,"template":"","format":"standard","meta":{"footnotes":""},"categories":[18],"tags":[],"class_list":["post-5261","post","type-post","status-publish","format-standard","has-post-thumbnail","hentry","category-economia"],"_links":{"self":[{"href":"https:\/\/tvc16.com\/portal\/wp-json\/wp\/v2\/posts\/5261","targetHints":{"allow":["GET"]}}],"collection":[{"href":"https:\/\/tvc16.com\/portal\/wp-json\/wp\/v2\/posts"}],"about":[{"href":"https:\/\/tvc16.com\/portal\/wp-json\/wp\/v2\/types\/post"}],"author":[{"embeddable":true,"href":"https:\/\/tvc16.com\/portal\/wp-json\/wp\/v2\/users\/2"}],"replies":[{"embeddable":true,"href":"https:\/\/tvc16.com\/portal\/wp-json\/wp\/v2\/comments?post=5261"}],"version-history":[{"count":1,"href":"https:\/\/tvc16.com\/portal\/wp-json\/wp\/v2\/posts\/5261\/revisions"}],"predecessor-version":[{"id":5263,"href":"https:\/\/tvc16.com\/portal\/wp-json\/wp\/v2\/posts\/5261\/revisions\/5263"}],"wp:featuredmedia":[{"embeddable":true,"href":"https:\/\/tvc16.com\/portal\/wp-json\/wp\/v2\/media\/5262"}],"wp:attachment":[{"href":"https:\/\/tvc16.com\/portal\/wp-json\/wp\/v2\/media?parent=5261"}],"wp:term":[{"taxonomy":"category","embeddable":true,"href":"https:\/\/tvc16.com\/portal\/wp-json\/wp\/v2\/categories?post=5261"},{"taxonomy":"post_tag","embeddable":true,"href":"https:\/\/tvc16.com\/portal\/wp-json\/wp\/v2\/tags?post=5261"}],"curies":[{"name":"wp","href":"https:\/\/api.w.org\/{rel}","templated":true}]}}