{"id":5264,"date":"2020-11-10T12:19:59","date_gmt":"2020-11-10T12:19:59","guid":{"rendered":"https:\/\/tvc16.com\/portal\/?p=5264"},"modified":"2020-11-10T12:19:59","modified_gmt":"2020-11-10T12:19:59","slug":"mais-de-um-milhao-de-pessoas-com-deficiencia-devem-votar-no-proximo-dia-15","status":"publish","type":"post","link":"https:\/\/tvc16.com\/portal\/2020\/11\/10\/mais-de-um-milhao-de-pessoas-com-deficiencia-devem-votar-no-proximo-dia-15\/","title":{"rendered":"Mais de um milh\u00e3o de pessoas com defici\u00eancia devem votar no pr\u00f3ximo dia 15"},"content":{"rendered":"\n<p>O Tribunal Superior Eleitoral preparou se\u00e7\u00f5es especiais para receber esse p\u00fablico<\/p>\n\n\n\n<p>O Tribunal Superior Eleitoral espera receber mais de um milh\u00e3o de eleitores com defici\u00eancia no pr\u00f3ximo dia 15 de novembro. Eles representam apenas 0,64% do eleitorado nacional, mas receber\u00e3o aten\u00e7\u00e3o dobrada da Justi\u00e7a Eleitoral nos pr\u00f3ximos dias.&nbsp;<\/p>\n\n\n\n<p>Em 2016 os eleitores com defici\u00eancia eram 598.314. Nos \u00faltimos quatro anos o TSE registrou um aumento de 93% desses votantes.&nbsp;<\/p>\n\n\n\n<p>Em todo o Pa\u00eds se\u00e7\u00f5es eleitorais foram especialmente adaptadas para receb\u00ea-los. A cada pleito, a Justi\u00e7a Eleitoral concentra seus esfor\u00e7os para propiciar condi\u00e7\u00f5es de acessibilidade aos eleitores que necessitam de aten\u00e7\u00e3o especial. Ser\u00e3o mais de 45,6 mil se\u00e7\u00f5es com acessibilidade.<\/p>\n\n\n\n<p>Em ano eleitoral, as pessoas com defici\u00eancia devem informar \u00e0 Justi\u00e7a Eleitoral impedimentos que dificultem o exerc\u00edcio do voto tais como: dificuldades de locomo\u00e7\u00e3o at\u00e9 &nbsp;vis\u00e3o, para que o local de vota\u00e7\u00e3o possa ser preparado para atender \u00e0s necessidades espec\u00edficas do eleitor, com o oferecimento de urna com fones de ouvido e rampa de acesso, entre outros.<\/p>\n\n\n\n<p>O eleitor com defici\u00eancia ou com mobilidade reduzida tamb\u00e9m tem prefer\u00eancia para votar, mas \u00e9 observada a seguinte ordem: candidatos, ju\u00edzes eleitorais e seus auxiliares, servidores da Justi\u00e7a Eleitoral, promotores eleitorais, policiais militares em servi\u00e7o, eleitores maiores de 60 anos, enfermos, eleitores com defici\u00eancia ou com mobilidade reduzida e mulheres gr\u00e1vidas e lactantes.<\/p>\n\n\n\n<p>Nas Elei\u00e7\u00f5es 2020, pela primeira vez, os eleitores com defici\u00eancia visual ainda poder\u00e3o ouvir o nome do candidato ap\u00f3s digitar o n\u00famero correspondente na urna eletr\u00f4nica. Trata-se do recurso de sintetiza\u00e7\u00e3o de voz, tecnologia que transforma texto em som e simula como se a m\u00e1quina fizesse o papel de uma pessoa lendo o conte\u00fado de algum documento.<\/p>\n\n\n\n<p>Fonte: <a href=\"https:\/\/brasil61.com\/noticias\/mais-de-um-milhao-de-pessoas-com-deficiencia-devem-votar-no-proximo-dia-15-bras202522?email=bethdeoliveira@yahoo.com.br&amp;utm_source=newsletter&amp;utm_medium=newsletter&amp;utm_campaign=newsletter\" target=\"_blank\" rel=\"noreferrer noopener\">Brasil 61<\/a><\/p>\n","protected":false},"excerpt":{"rendered":"<p>O Tribunal Superior Eleitoral preparou se\u00e7\u00f5es especiais para receber esse p\u00fablico O Tribunal Superior Eleitoral<\/p>\n","protected":false},"author":2,"featured_media":5265,"comment_status":"open","ping_status":"open","sticky":false,"template":"","format":"standard","meta":{"footnotes":""},"categories":[15],"tags":[],"class_list":["post-5264","post","type-post","status-publish","format-standard","has-post-thumbnail","hentry","category-politica"],"_links":{"self":[{"href":"https:\/\/tvc16.com\/portal\/wp-json\/wp\/v2\/posts\/5264","targetHints":{"allow":["GET"]}}],"collection":[{"href":"https:\/\/tvc16.com\/portal\/wp-json\/wp\/v2\/posts"}],"about":[{"href":"https:\/\/tvc16.com\/portal\/wp-json\/wp\/v2\/types\/post"}],"author":[{"embeddable":true,"href":"https:\/\/tvc16.com\/portal\/wp-json\/wp\/v2\/users\/2"}],"replies":[{"embeddable":true,"href":"https:\/\/tvc16.com\/portal\/wp-json\/wp\/v2\/comments?post=5264"}],"version-history":[{"count":1,"href":"https:\/\/tvc16.com\/portal\/wp-json\/wp\/v2\/posts\/5264\/revisions"}],"predecessor-version":[{"id":5266,"href":"https:\/\/tvc16.com\/portal\/wp-json\/wp\/v2\/posts\/5264\/revisions\/5266"}],"wp:featuredmedia":[{"embeddable":true,"href":"https:\/\/tvc16.com\/portal\/wp-json\/wp\/v2\/media\/5265"}],"wp:attachment":[{"href":"https:\/\/tvc16.com\/portal\/wp-json\/wp\/v2\/media?parent=5264"}],"wp:term":[{"taxonomy":"category","embeddable":true,"href":"https:\/\/tvc16.com\/portal\/wp-json\/wp\/v2\/categories?post=5264"},{"taxonomy":"post_tag","embeddable":true,"href":"https:\/\/tvc16.com\/portal\/wp-json\/wp\/v2\/tags?post=5264"}],"curies":[{"name":"wp","href":"https:\/\/api.w.org\/{rel}","templated":true}]}}