{"id":5267,"date":"2020-11-10T12:22:33","date_gmt":"2020-11-10T12:22:33","guid":{"rendered":"https:\/\/tvc16.com\/portal\/?p=5267"},"modified":"2020-11-10T12:22:33","modified_gmt":"2020-11-10T12:22:33","slug":"fnde-libera-r-738-milhoes-para-transporte-escolar","status":"publish","type":"post","link":"https:\/\/tvc16.com\/portal\/2020\/11\/10\/fnde-libera-r-738-milhoes-para-transporte-escolar\/","title":{"rendered":"FNDE libera R$ 73,8 milh\u00f5es para transporte escolar"},"content":{"rendered":"\n<p>Recursos s\u00e3o referentes \u00e0 d\u00e9cima parcela do Programa Nacional de Apoio ao Transporte Escolar (Pnate)<\/p>\n\n\n\n<p>O Fundo Nacional de Desenvolvimento da Educa\u00e7\u00e3o (FNDE) liberou R$ 73,8 milh\u00f5es a estados e munic\u00edpios para fortalecimento do transporte escolar. Os recursos s\u00e3o referentes \u00e0 d\u00e9cima parcela do Programa Nacional de Apoio ao Transporte Escolar (Pnate). Segundo o Minist\u00e9rio da Educa\u00e7\u00e3o, a verba garante a manuten\u00e7\u00e3o das a\u00e7\u00f5es voltadas para o transporte dos estudantes, mesmo sem aulas presenciais na rede p\u00fablica de ensino por conta da pandemia de Covid-19.<br><br>A libera\u00e7\u00e3o \u00e9 autom\u00e1tica e o dep\u00f3sito em conta corrente ocorre em at\u00e9 72 horas ap\u00f3s a libera\u00e7\u00e3o. Ao longo do ano, s\u00e3o repassadas dez parcelas do programa, de fevereiro a novembro. S\u00e3o beneficiados os entes federados que possuem estudantes da educa\u00e7\u00e3o b\u00e1sica p\u00fablica residentes nas zonas rurais. Para receber os recursos, estados e munic\u00edpios precisam manter as presta\u00e7\u00f5es de contas do transporte escolar em dia.<\/p>\n\n\n\n<p><strong><a href=\"https:\/\/brasil61.com\/noticias\/prazo-de-renovacao-do-fies-e-prorrogado-bras202475\">Prazo de renova\u00e7\u00e3o do Fies \u00e9 prorrogado<\/a><\/strong><\/p>\n\n\n\n<p><strong><a href=\"https:\/\/brasil61.com\/noticias\/cartao-pnae-passa-a-ser-oferecido-na-funcao-debito-bras202419\">Cart\u00e3o PNAE passa a ser oferecido na fun\u00e7\u00e3o d\u00e9bito<\/a><\/strong><br><br>Os valores detalhados destinados a cada benefici\u00e1rio podem ser conferidos no portal eletr\u00f4nico do FNDE, em libera\u00e7\u00e3o de recursos.<\/p>\n\n\n\n<p>Fonte: <a href=\"https:\/\/brasil61.com\/noticias\/fnde-libera-r-73-8-milhoes-para-transporte-escolar-bras202518?email=bethdeoliveira@yahoo.com.br&amp;utm_source=newsletter&amp;utm_medium=newsletter&amp;utm_campaign=newsletter\" target=\"_blank\" rel=\"noreferrer noopener\">Brasil 61<\/a><\/p>\n","protected":false},"excerpt":{"rendered":"<p>Recursos s\u00e3o referentes \u00e0 d\u00e9cima parcela do Programa Nacional de Apoio ao Transporte Escolar (Pnate)<\/p>\n","protected":false},"author":2,"featured_media":5268,"comment_status":"open","ping_status":"open","sticky":false,"template":"","format":"standard","meta":{"footnotes":""},"categories":[19],"tags":[],"class_list":["post-5267","post","type-post","status-publish","format-standard","has-post-thumbnail","hentry","category-educacao"],"_links":{"self":[{"href":"https:\/\/tvc16.com\/portal\/wp-json\/wp\/v2\/posts\/5267","targetHints":{"allow":["GET"]}}],"collection":[{"href":"https:\/\/tvc16.com\/portal\/wp-json\/wp\/v2\/posts"}],"about":[{"href":"https:\/\/tvc16.com\/portal\/wp-json\/wp\/v2\/types\/post"}],"author":[{"embeddable":true,"href":"https:\/\/tvc16.com\/portal\/wp-json\/wp\/v2\/users\/2"}],"replies":[{"embeddable":true,"href":"https:\/\/tvc16.com\/portal\/wp-json\/wp\/v2\/comments?post=5267"}],"version-history":[{"count":1,"href":"https:\/\/tvc16.com\/portal\/wp-json\/wp\/v2\/posts\/5267\/revisions"}],"predecessor-version":[{"id":5269,"href":"https:\/\/tvc16.com\/portal\/wp-json\/wp\/v2\/posts\/5267\/revisions\/5269"}],"wp:featuredmedia":[{"embeddable":true,"href":"https:\/\/tvc16.com\/portal\/wp-json\/wp\/v2\/media\/5268"}],"wp:attachment":[{"href":"https:\/\/tvc16.com\/portal\/wp-json\/wp\/v2\/media?parent=5267"}],"wp:term":[{"taxonomy":"category","embeddable":true,"href":"https:\/\/tvc16.com\/portal\/wp-json\/wp\/v2\/categories?post=5267"},{"taxonomy":"post_tag","embeddable":true,"href":"https:\/\/tvc16.com\/portal\/wp-json\/wp\/v2\/tags?post=5267"}],"curies":[{"name":"wp","href":"https:\/\/api.w.org\/{rel}","templated":true}]}}