{"id":5270,"date":"2020-11-10T12:26:12","date_gmt":"2020-11-10T12:26:12","guid":{"rendered":"https:\/\/tvc16.com\/portal\/?p=5270"},"modified":"2020-11-10T12:26:12","modified_gmt":"2020-11-10T12:26:12","slug":"mpf-recorre-de-liminar-concedida-a-aluna-loira-que-se-declarou-negra-para-ingressar-na-ufu-pelo-sistema-de-cotas","status":"publish","type":"post","link":"https:\/\/tvc16.com\/portal\/2020\/11\/10\/mpf-recorre-de-liminar-concedida-a-aluna-loira-que-se-declarou-negra-para-ingressar-na-ufu-pelo-sistema-de-cotas\/","title":{"rendered":"MPF recorre de liminar concedida a aluna loira que se declarou negra para ingressar na UFU pelo sistema de cotas"},"content":{"rendered":"\n<p>O Minist\u00e9rio P\u00fablico Federal (MPF) recorreu de decis\u00e3o liminar que determinou a reintegra\u00e7\u00e3o de Mariana Fernandes Pires \u00e0 Universidade Federal de Uberl\u00e2ndia (UFU), possibilitando a participa\u00e7\u00e3o dela nas aulas, atividades avaliativas e demais atividades acad\u00eamicas regulares.<br><br>A estudante havia sido desligada ap\u00f3s a Comiss\u00e3o de Heteroidentifica\u00e7\u00e3o da universidade ter conclu\u00eddo procedimento administrativo de an\u00e1lise da autodeclara\u00e7\u00e3o feita por Mariana para ingressar na institui\u00e7\u00e3o. Aluna do curso de odontologia, ela se autodeclarou negra para ter direito \u00e0 vaga destinada a pessoas que se enquadram na Modalidade 3 (PPI \u2013 Preto, Pardo e \u00cdndio) do sistema de cotas. Nas redes sociais, a estudante se declara branca e loira.<br><br>Ap\u00f3s ter a matr\u00edcula cancelada, Mariana impetrou mandado de seguran\u00e7a e afirmou ter ascend\u00eancia negra, pedindo a anula\u00e7\u00e3o da portaria e do procedimento administrativo que concluiu que ela n\u00e3o apresenta as caracter\u00edsticas necess\u00e1rias \u00e0 valida\u00e7\u00e3o da condi\u00e7\u00e3o para o sistema de cotas. Para o procurador da Rep\u00fablica On\u00e9sio Soares Amaral, autor do recurso, \u201ca conduta da estudante chega a ser um esc\u00e1rnio para a sociedade, mas \u00e9 especialmente cruel para com as pessoas negras.\u201d<\/p>\n\n\n\n<p>Fonte: <a href=\"https:\/\/brasil61.com\/noticias\/mpf-recorre-de-liminar-concedida-a-aluna-loira-que-se-declarou-negra-para-ingressar-na-ufu-pelo-sistema-de-cotas-bras202519?email=bethdeoliveira@yahoo.com.br&amp;utm_source=newsletter&amp;utm_medium=newsletter&amp;utm_campaign=newsletter\" target=\"_blank\" rel=\"noreferrer noopener\">Brasil 61<\/a><\/p>\n","protected":false},"excerpt":{"rendered":"<p>O Minist\u00e9rio P\u00fablico Federal (MPF) recorreu de decis\u00e3o liminar que determinou a reintegra\u00e7\u00e3o de Mariana<\/p>\n","protected":false},"author":2,"featured_media":5271,"comment_status":"open","ping_status":"open","sticky":false,"template":"","format":"standard","meta":{"footnotes":""},"categories":[14],"tags":[],"class_list":["post-5270","post","type-post","status-publish","format-standard","has-post-thumbnail","hentry","category-pais"],"_links":{"self":[{"href":"https:\/\/tvc16.com\/portal\/wp-json\/wp\/v2\/posts\/5270","targetHints":{"allow":["GET"]}}],"collection":[{"href":"https:\/\/tvc16.com\/portal\/wp-json\/wp\/v2\/posts"}],"about":[{"href":"https:\/\/tvc16.com\/portal\/wp-json\/wp\/v2\/types\/post"}],"author":[{"embeddable":true,"href":"https:\/\/tvc16.com\/portal\/wp-json\/wp\/v2\/users\/2"}],"replies":[{"embeddable":true,"href":"https:\/\/tvc16.com\/portal\/wp-json\/wp\/v2\/comments?post=5270"}],"version-history":[{"count":1,"href":"https:\/\/tvc16.com\/portal\/wp-json\/wp\/v2\/posts\/5270\/revisions"}],"predecessor-version":[{"id":5272,"href":"https:\/\/tvc16.com\/portal\/wp-json\/wp\/v2\/posts\/5270\/revisions\/5272"}],"wp:featuredmedia":[{"embeddable":true,"href":"https:\/\/tvc16.com\/portal\/wp-json\/wp\/v2\/media\/5271"}],"wp:attachment":[{"href":"https:\/\/tvc16.com\/portal\/wp-json\/wp\/v2\/media?parent=5270"}],"wp:term":[{"taxonomy":"category","embeddable":true,"href":"https:\/\/tvc16.com\/portal\/wp-json\/wp\/v2\/categories?post=5270"},{"taxonomy":"post_tag","embeddable":true,"href":"https:\/\/tvc16.com\/portal\/wp-json\/wp\/v2\/tags?post=5270"}],"curies":[{"name":"wp","href":"https:\/\/api.w.org\/{rel}","templated":true}]}}