{"id":5277,"date":"2020-11-10T12:37:00","date_gmt":"2020-11-10T12:37:00","guid":{"rendered":"https:\/\/tvc16.com\/portal\/?p=5277"},"modified":"2020-11-10T12:37:00","modified_gmt":"2020-11-10T12:37:00","slug":"resultado-animador","status":"publish","type":"post","link":"https:\/\/tvc16.com\/portal\/2020\/11\/10\/resultado-animador\/","title":{"rendered":"RESULTADO ANIMADOR"},"content":{"rendered":"\n<p>A farmac\u00eautica americana Pfizer anunciou que a sua vacina contra Covid-19, desenvolvida em conjunto com o laborat\u00f3rio alem\u00e3o BioNTech, preveniu\u00a0<strong><a rel=\"noreferrer noopener\" target=\"_blank\" href=\"http:\/\/click.emailabril.com.br\/?qs=9d36e63ac9c32979a51282c695902ad75e75c5fa2afe79d41e5d9cb915c6d2cdce4bbd0c02f2cdfe266c4d4a7556fdc874538c79e37210b0\">mais de 90%<\/a>\u00a0<\/strong>das infec\u00e7\u00f5es causadads pela doen\u00e7a. A \u00faltima fase de testes est\u00e1 prestes a ser conclu\u00edda e mais de 43.000 volunt\u00e1rios j\u00e1 receberam a dose. O Brasil, por\u00e9m, ainda n\u00e3o possui acordo com a empresa, que fez uma proposta formal ao governo em agosto, mas\u00a0<strong><a rel=\"noreferrer noopener\" target=\"_blank\" href=\"http:\/\/click.emailabril.com.br\/?qs=9d36e63ac9c3297961aaa50a3d05156d1e63bda9ee467824fdc6711663fbcd4a7196599a4e9949682856819016ba106df15d21e6e20b0b24\">acabou sem resposta<\/a><\/strong>. Por\u00e9m, conforme mostrou o\u00a0<strong><a rel=\"noreferrer noopener\" target=\"_blank\" href=\"http:\/\/click.emailabril.com.br\/?qs=9d36e63ac9c32979a8be8360e8d1c4d2ce53b8b22a3d03088fc4562b0bbc2e3cb598fdb5893c6c5bf6479fcd20ff134500475d8e4030fe89\">Radar Econ\u00f4mico<\/a><\/strong>, autoridades brasileiras voltaram a contatar os executivos da farmac\u00eautica em busca de um pacto. Vale ressaltar que a Anvisa\u00a0<strong><a rel=\"noreferrer noopener\" target=\"_blank\" href=\"http:\/\/click.emailabril.com.br\/?qs=9d36e63ac9c32979cd214b643b6befd9641737fe65a1ea985663ca9dcd5cba771c1b6a8bc4075ca40f081916354a814a6ecf8d1c32122ad2\">ainda n\u00e3o recebeu<\/a><\/strong>\u00a0os dados da efic\u00e1cia do f\u00e1rmaco.<\/p>\n","protected":false},"excerpt":{"rendered":"<p>A farmac\u00eautica americana Pfizer anunciou que a sua vacina contra Covid-19, desenvolvida em conjunto com<\/p>\n","protected":false},"author":2,"featured_media":5278,"comment_status":"open","ping_status":"open","sticky":false,"template":"","format":"standard","meta":{"footnotes":""},"categories":[13],"tags":[],"class_list":["post-5277","post","type-post","status-publish","format-standard","has-post-thumbnail","hentry","category-saude"],"_links":{"self":[{"href":"https:\/\/tvc16.com\/portal\/wp-json\/wp\/v2\/posts\/5277","targetHints":{"allow":["GET"]}}],"collection":[{"href":"https:\/\/tvc16.com\/portal\/wp-json\/wp\/v2\/posts"}],"about":[{"href":"https:\/\/tvc16.com\/portal\/wp-json\/wp\/v2\/types\/post"}],"author":[{"embeddable":true,"href":"https:\/\/tvc16.com\/portal\/wp-json\/wp\/v2\/users\/2"}],"replies":[{"embeddable":true,"href":"https:\/\/tvc16.com\/portal\/wp-json\/wp\/v2\/comments?post=5277"}],"version-history":[{"count":1,"href":"https:\/\/tvc16.com\/portal\/wp-json\/wp\/v2\/posts\/5277\/revisions"}],"predecessor-version":[{"id":5279,"href":"https:\/\/tvc16.com\/portal\/wp-json\/wp\/v2\/posts\/5277\/revisions\/5279"}],"wp:featuredmedia":[{"embeddable":true,"href":"https:\/\/tvc16.com\/portal\/wp-json\/wp\/v2\/media\/5278"}],"wp:attachment":[{"href":"https:\/\/tvc16.com\/portal\/wp-json\/wp\/v2\/media?parent=5277"}],"wp:term":[{"taxonomy":"category","embeddable":true,"href":"https:\/\/tvc16.com\/portal\/wp-json\/wp\/v2\/categories?post=5277"},{"taxonomy":"post_tag","embeddable":true,"href":"https:\/\/tvc16.com\/portal\/wp-json\/wp\/v2\/tags?post=5277"}],"curies":[{"name":"wp","href":"https:\/\/api.w.org\/{rel}","templated":true}]}}