{"id":528,"date":"2020-09-16T12:40:50","date_gmt":"2020-09-16T12:40:50","guid":{"rendered":"https:\/\/tvc16.com\/portal\/?p=528"},"modified":"2020-09-16T12:40:50","modified_gmt":"2020-09-16T12:40:50","slug":"parceria-entre-secretarias-de-planejamento-e-gestao-e-ciencia-e-tecnologia-oferece-bolsas","status":"publish","type":"post","link":"https:\/\/tvc16.com\/portal\/2020\/09\/16\/parceria-entre-secretarias-de-planejamento-e-gestao-e-ciencia-e-tecnologia-oferece-bolsas\/","title":{"rendered":"Parceria entre secretarias de Planejamento e Gest\u00e3o e Ci\u00eancia e Tecnologia oferece bolsas"},"content":{"rendered":"\n<p>A Secretaria de Estado de Planejamento e Gest\u00e3o (Seplag) fechou uma parceria com a Secretaria de Ci\u00eancia e Tecnologia (Secti) e a Universidade do Estado do Rio de Janeiro (Uerj) para oferecer bolsas aos alunos do mestrado profissional em Controladoria e Gest\u00e3o P\u00fablica, da Faculdade de Administra\u00e7\u00e3o e Finan\u00e7as. O est\u00e1gio \u00e9 remunerado e os mestrandos receber\u00e3o bolsas de R$ 4 mil mensais. Ser\u00e3o oferecidas 10 vagas e as inscri\u00e7\u00f5es terminam nesta quinta-feira (17\/9).<\/p>\n\n\n\n<p>&#8211; A parceria \u00e9 uma forma de integrar o que h\u00e1 de melhor nas universidades e transformar a gest\u00e3o governamental por meio de uma capacita\u00e7\u00e3o intensa. Ao trazermos os alunos para dentro da m\u00e1quina p\u00fablica, pretendemos fazer com que eles entendam os processos governamentais, colaborando para uma gest\u00e3o mais eficaz, efetiva e transparente &#8211; explicou o secret\u00e1rio de Planejamento, Bruno Schettini.<\/p>\n\n\n\n<p>Durante o est\u00e1gio, os alunos v\u00e3o desenvolver a etapa de campo de suas disserta\u00e7\u00f5es, identificando as demandas e os problemas e tamb\u00e9m propondo solu\u00e7\u00f5es para o Governo do Estado. O programa de bolsas vai permitir que os estudantes possam colaborar diretamente nas a\u00e7\u00f5es pol\u00edticas p\u00fablicas junto aos \u00f3rg\u00e3os do governo e atuar de acordo com o tema de pesquisa escolhido.<\/p>\n\n\n\n<p>&#8211; Esse interc\u00e2mbio entre universidade e governo \u00e9 de suma import\u00e2ncia para o aprimoramento cont\u00ednuo do servi\u00e7o p\u00fablico. \u00c9 uma oportunidade para que os alunos vivenciem, na pr\u00e1tica, novos processos e aprendizados. \u00c9, sem d\u00favidas, uma troca de conhecimento que vai resultar em bons frutos para ambas as partes &#8211; afirmou o secret\u00e1rio de Ci\u00eancia, Tecnologia e Inova\u00e7\u00e3o, Leonardo Rodrigues.<\/p>\n\n\n\n<p>Segundo a coordenadora do mestrado profissional do Programa de P\u00f3s-Gradua\u00e7\u00e3o em Controladoria e Gest\u00e3o P\u00fablica da Uerj, Branca Regina Cantisano dos Santos e Silva, a iniciativa permite que os mestrandos possam ter uma forma\u00e7\u00e3o que vai al\u00e9m do aspecto acad\u00eamico.<\/p>\n\n\n\n<p>&#8211; Estamos oferecendo experi\u00eancias que permitir\u00e3o que os estudantes fa\u00e7am parte do mercado de trabalho e da m\u00e1quina p\u00fablica, influenciando diretamente no direcionamento da gest\u00e3o governamental \u2013 comentou.<\/p>\n\n\n\n<p>Os futuros mestrandos ser\u00e3o selecionados ap\u00f3s an\u00e1lise do Curr\u00edculo Lattes e apresenta\u00e7\u00e3o de um pr\u00e9-projeto de pesquisa, com temas indicados pela Seplag e alinhados \u00e0s linhas de pesquisa dos docentes da institui\u00e7\u00e3o.<\/p>\n\n\n\n<p>Os temas s\u00e3o:<\/p>\n\n\n\n<p><br>&#8211; Indicadores de pol\u00edticas p\u00fablicas aplicados ao monitoramento e \u00e0 atualiza\u00e7\u00e3o do Plano Plurianual;<\/p>\n\n\n\n<p>&#8211; Execu\u00e7\u00e3o or\u00e7ament\u00e1ria alicer\u00e7ada em projetos priorit\u00e1rios da Administra\u00e7\u00e3o P\u00fablica;<\/p>\n\n\n\n<p>&#8211; O Plano Plurianual (PPA) como instrumento de indu\u00e7\u00e3o e aprimoramento de pol\u00edticas p\u00fablicas;<\/p>\n\n\n\n<p>&#8211; Qualidade da despesa p\u00fablica baseada em dados, com o objetivo de otimizar recursos e priorizar projetos;<\/p>\n\n\n\n<p>&#8211; Uso de dados na busca de uma gest\u00e3o mais eficaz e efetiva;<\/p>\n\n\n\n<p>&#8211; A inova\u00e7\u00e3o como desafio necess\u00e1rio \u00e0 administra\u00e7\u00e3o p\u00fablica;<\/p>\n\n\n\n<p>&#8211; An\u00e1lise ex-ante de uma iniciativa do Plano Plurianual;<\/p>\n\n\n\n<p>&#8211; Desdobramento de uma pol\u00edtica p\u00fablica &#8211; da identifica\u00e7\u00e3o do problema \u00e0 programa\u00e7\u00e3o no Plano Plurianual;<\/p>\n\n\n\n<p>&#8211; Planejamento Governamental e Desenvolvimento Sustent\u00e1vel.<\/p>\n","protected":false},"excerpt":{"rendered":"<p>A Secretaria de Estado de Planejamento e Gest\u00e3o (Seplag) fechou uma parceria com a Secretaria<\/p>\n","protected":false},"author":2,"featured_media":529,"comment_status":"open","ping_status":"open","sticky":false,"template":"","format":"standard","meta":{"footnotes":""},"categories":[17],"tags":[],"class_list":["post-528","post","type-post","status-publish","format-standard","has-post-thumbnail","hentry","category-outras-noticias"],"_links":{"self":[{"href":"https:\/\/tvc16.com\/portal\/wp-json\/wp\/v2\/posts\/528","targetHints":{"allow":["GET"]}}],"collection":[{"href":"https:\/\/tvc16.com\/portal\/wp-json\/wp\/v2\/posts"}],"about":[{"href":"https:\/\/tvc16.com\/portal\/wp-json\/wp\/v2\/types\/post"}],"author":[{"embeddable":true,"href":"https:\/\/tvc16.com\/portal\/wp-json\/wp\/v2\/users\/2"}],"replies":[{"embeddable":true,"href":"https:\/\/tvc16.com\/portal\/wp-json\/wp\/v2\/comments?post=528"}],"version-history":[{"count":1,"href":"https:\/\/tvc16.com\/portal\/wp-json\/wp\/v2\/posts\/528\/revisions"}],"predecessor-version":[{"id":530,"href":"https:\/\/tvc16.com\/portal\/wp-json\/wp\/v2\/posts\/528\/revisions\/530"}],"wp:featuredmedia":[{"embeddable":true,"href":"https:\/\/tvc16.com\/portal\/wp-json\/wp\/v2\/media\/529"}],"wp:attachment":[{"href":"https:\/\/tvc16.com\/portal\/wp-json\/wp\/v2\/media?parent=528"}],"wp:term":[{"taxonomy":"category","embeddable":true,"href":"https:\/\/tvc16.com\/portal\/wp-json\/wp\/v2\/categories?post=528"},{"taxonomy":"post_tag","embeddable":true,"href":"https:\/\/tvc16.com\/portal\/wp-json\/wp\/v2\/tags?post=528"}],"curies":[{"name":"wp","href":"https:\/\/api.w.org\/{rel}","templated":true}]}}