{"id":5283,"date":"2020-11-10T12:39:27","date_gmt":"2020-11-10T12:39:27","guid":{"rendered":"https:\/\/tvc16.com\/portal\/?p=5283"},"modified":"2020-11-10T12:39:27","modified_gmt":"2020-11-10T12:39:27","slug":"industria-de-petropolis-cria-252-empregos-em-setembro-e-registra-saldo-positivo-pela-1a-vez-desde-fevereiro","status":"publish","type":"post","link":"https:\/\/tvc16.com\/portal\/2020\/11\/10\/industria-de-petropolis-cria-252-empregos-em-setembro-e-registra-saldo-positivo-pela-1a-vez-desde-fevereiro\/","title":{"rendered":"Ind\u00fastria de Petr\u00f3polis cria 252 empregos em setembro e registra saldo positivo pela 1\u00aa vez desde fevereiro"},"content":{"rendered":"\n<p>Dados setoriais e regionais podem ser consultados na plataforma Retratos Regionais da Firjan<\/p>\n\n\n\n<p>O setor industrial, que contempla a Ind\u00fastria de Transforma\u00e7\u00e3o, Extrativa, de Constru\u00e7\u00e3o e os Servi\u00e7os Industriais de Utilidade P\u00fablica (SIUP), criou, em setembro, 252 postos de trabalho em Petr\u00f3polis. \u00c9 a primeira vez que o munic\u00edpio tem saldo positivo no setor desde fevereiro, antes da pandemia do novo coronav\u00edrus. De l\u00e1 para c\u00e1, a ind\u00fastria acumulou perdas de 1.631 vagas.&nbsp;Os dados est\u00e3o na plataforma Retratos Regionais da Firjan (http:\/\/www.firjan.com.br\/retratosregionais), que traz recorte setorial e regional do mercado de trabalho fluminense todos os meses.<\/p>\n\n\n\n<p>A Constru\u00e7\u00e3o Civil e o setor de Vestu\u00e1rio foram os principais respons\u00e1veis pelo n\u00famero de contrata\u00e7\u00f5es. A retomada de projetos de moradia fez com que o setor registrasse 160 contrata\u00e7\u00f5es no m\u00eas. J\u00e1 as Confec\u00e7\u00f5es abriram 58 postos de trabalho. Produtos de Madeira e Fabrica\u00e7\u00e3o de M\u00f3veis tiveram 11 novas vagas; Produtos de Borracha e Material Pl\u00e1stico, 10 e Alimentos, 8 empregos.<\/p>\n\n\n\n<p>Apesar da alta no m\u00eas, o munic\u00edpio ainda tem grande passivo acumulado desde o in\u00edcio da pandemia da Covid-19. De mar\u00e7o a junho foram registradas 5.280 demiss\u00f5es, por\u00e9m, mesmo com a retomada das atividades econ\u00f4micas, o munic\u00edpio continuou registrando saldo negativo em julho (-180) e agosto (-45). O indicador de Retomada de Empregos mostra que a cidade recuperou apenas 6,5% das vagas perdidas no per\u00edodo.<\/p>\n\n\n\n<p>Em rela\u00e7\u00e3o ao n\u00famero geral de empregos em setembro, envolvendo todos os setores econ\u00f4micos, o Com\u00e9rcio fez 206 contrata\u00e7\u00f5es e o setor de Servi\u00e7os criou 113 novos empregos. Agropecu\u00e1ria teve saldo de -3 vagas. O estado do Rio abriu em setembro 8.901 vagas, segundo resultado positivo consecutivo, tamb\u00e9m mostrando acelera\u00e7\u00e3o em rela\u00e7\u00e3o ao resultado de agosto (+5.297). Cabe ressaltar que em setembro 71 dos 92 munic\u00edpios fluminenses apresentaram saldo positivo de contrata\u00e7\u00f5es.<\/p>\n\n\n\n<p>Plataforma Retratos Regionais<\/p>\n\n\n\n<p>A plataforma Retratos Regionais tem como base o saldo de empregos formais disponibilizados no Cadastro Geral de Empregados e Desempregados (Caged), do Minist\u00e9rio da Economia. Em&nbsp;painel setorial s\u00e3o disponibilizados dados espec\u00edficos dos setores industriais.&nbsp;<\/p>\n\n\n\n<p>Em painel regional, que tamb\u00e9m permite a busca por munic\u00edpio, \u00e9 apresentado o cen\u00e1rio geral de empregos, incluindo todos os grandes setores. Neste m\u00eas, tamb\u00e9m \u00e9 disponibilizado Indicador de Retomada dos Empregos. A plataforma pode ser acessada atrav\u00e9s deste link:&nbsp;www.firjan.com.br\/retratosregionais.<\/p>\n","protected":false},"excerpt":{"rendered":"<p>Dados setoriais e regionais podem ser consultados na plataforma Retratos Regionais da Firjan O setor<\/p>\n","protected":false},"author":2,"featured_media":5285,"comment_status":"open","ping_status":"open","sticky":false,"template":"","format":"standard","meta":{"footnotes":""},"categories":[12],"tags":[],"class_list":["post-5283","post","type-post","status-publish","format-standard","has-post-thumbnail","hentry","category-cidade"],"_links":{"self":[{"href":"https:\/\/tvc16.com\/portal\/wp-json\/wp\/v2\/posts\/5283","targetHints":{"allow":["GET"]}}],"collection":[{"href":"https:\/\/tvc16.com\/portal\/wp-json\/wp\/v2\/posts"}],"about":[{"href":"https:\/\/tvc16.com\/portal\/wp-json\/wp\/v2\/types\/post"}],"author":[{"embeddable":true,"href":"https:\/\/tvc16.com\/portal\/wp-json\/wp\/v2\/users\/2"}],"replies":[{"embeddable":true,"href":"https:\/\/tvc16.com\/portal\/wp-json\/wp\/v2\/comments?post=5283"}],"version-history":[{"count":1,"href":"https:\/\/tvc16.com\/portal\/wp-json\/wp\/v2\/posts\/5283\/revisions"}],"predecessor-version":[{"id":5286,"href":"https:\/\/tvc16.com\/portal\/wp-json\/wp\/v2\/posts\/5283\/revisions\/5286"}],"wp:featuredmedia":[{"embeddable":true,"href":"https:\/\/tvc16.com\/portal\/wp-json\/wp\/v2\/media\/5285"}],"wp:attachment":[{"href":"https:\/\/tvc16.com\/portal\/wp-json\/wp\/v2\/media?parent=5283"}],"wp:term":[{"taxonomy":"category","embeddable":true,"href":"https:\/\/tvc16.com\/portal\/wp-json\/wp\/v2\/categories?post=5283"},{"taxonomy":"post_tag","embeddable":true,"href":"https:\/\/tvc16.com\/portal\/wp-json\/wp\/v2\/tags?post=5283"}],"curies":[{"name":"wp","href":"https:\/\/api.w.org\/{rel}","templated":true}]}}