{"id":5284,"date":"2020-11-10T12:41:47","date_gmt":"2020-11-10T12:41:47","guid":{"rendered":"https:\/\/tvc16.com\/portal\/?p=5284"},"modified":"2020-11-10T12:41:47","modified_gmt":"2020-11-10T12:41:47","slug":"rio-de-janeiro-sedia-evento-sobre-cinema-e-pos-producao-entre-a-magia-e-a-tecnica","status":"publish","type":"post","link":"https:\/\/tvc16.com\/portal\/2020\/11\/10\/rio-de-janeiro-sedia-evento-sobre-cinema-e-pos-producao-entre-a-magia-e-a-tecnica\/","title":{"rendered":"Rio de Janeiro sedia evento sobre \u201cCinema e P\u00f3s-Produ\u00e7\u00e3o: entre a Magia e a T\u00e9cnica\u201d"},"content":{"rendered":"\n<p><em>A atra\u00e7\u00e3o ser\u00e1 gratuita e completamente aberta ao p\u00fablico externo<\/em>\u00a0<\/p>\n\n\n\n<p><em>Diversos profissionais do Cinema estar\u00e3o presentes<\/em>&nbsp;<\/p>\n\n\n\n<p>De 10 a 13 de novembro, das&nbsp;10h \u00e0s&nbsp;19h, os amantes da telona de todo&nbsp;o Brasil poder\u00e3o&nbsp;participar da&nbsp;Semana do Cinema, que acontecer\u00e1&nbsp;por meio do&nbsp;<em>Instagram<\/em>&nbsp;do Curso de Cinema&nbsp;do Campus da Est\u00e1cio Tom Jobim, na Barra da Tijuca. Neste semestre,&nbsp;por conta da pandemia,&nbsp;todas as atra\u00e7\u00f5es ser\u00e3o remotas e&nbsp;a p\u00f3s-produ\u00e7\u00e3o&nbsp;ser\u00e1 o tema central do evento que \u00e9 produzido e organizado pelos alunos da pr\u00f3pria institui\u00e7\u00e3o que fazem Cinema e Audiovisual,&nbsp;sob a supervis\u00e3o do&nbsp;Nucine&nbsp;&#8211; N\u00facleo do Curso de Cinema&nbsp;\u2013 do coordenador Fl\u00e1vio Di Cola&nbsp;e de seus professores.&nbsp;A iniciativa \u00e9 totalmente gratuita e aberta ao p\u00fablico externo,&nbsp;contando&nbsp;com palestras,&nbsp;<em>workshops&nbsp;<\/em>e debates sobre a s\u00e9tima arte.&nbsp;A Semana&nbsp;do Cinema tamb\u00e9m realizar\u00e1 um&nbsp;<em>Pitching<\/em>, um concurso de roteiro.&nbsp;Os interessados dever\u00e3o acessar&nbsp;o Instagram&nbsp;<strong><u>@nucinetomjobim,<\/u><\/strong>&nbsp;uma hora antes de cada&nbsp;atra\u00e7\u00e3o,&nbsp;para pegarem os links.&nbsp;&nbsp;<\/p>\n\n\n\n<p>Yuri Garcia&nbsp;(Professor de Cinema), Diego&nbsp;Yham\u00e1&nbsp;(Colorista Master&nbsp;Trainner&nbsp;pela&nbsp;DaVinci), Viviane&nbsp;Merlino&nbsp;(Designer e Professora), Sabrina Bogado (Produtora Executiva da Levante Filmes),&nbsp;&nbsp;Francisco Malta (Roteirista de Cinema e TV e Professor), M\u00f4nica&nbsp;Klemz&nbsp;(Documentarista e Roteirista), Eduardo Miranda (Doutor em Literatura e Professor), Andr\u00e9&nbsp;Scucato&nbsp;(Editor, Diretor e Cinegrafista), Cleber Correia (Designer, Mestre&nbsp;em Intelig\u00eancia Computacional e Professor), Teco&nbsp;Fuchs&nbsp;(Compositor e Produtor Musical), Passarinho (Diretor do Studio Nova Onda) e Eduardo&nbsp;Halfen&nbsp;(Engenheiro,&nbsp;Designer e&nbsp;Ex-Supervisor&nbsp;de Efeitos Visuais da&nbsp;TV Globo)&nbsp;abrilhantar\u00e3o&nbsp;o encontro.&nbsp;<\/p>\n\n\n\n<p>\u201cNosso p\u00fablico-alvo s\u00e3o jovens, estudantes de outras universidades e\/ou escolas e interessados em entrar no mercado cinematogr\u00e1fico. Essa iniciativa \u00e9 uma grande oportunidade de integrar os grandes profissionais da \u00e1rea do&nbsp;Cinema e o&nbsp;Meio&nbsp;Acad\u00eamico. Nosso grande objetivo tamb\u00e9m \u00e9&nbsp;despertar&nbsp;novos talentos\u201d, comenta Fl\u00e1vio Di&nbsp;Cola, coordenador e professor do curso de Cinema da Est\u00e1cio.&nbsp;&nbsp;<\/p>\n\n\n\n<p><strong><u>Servi\u00e7o:<\/u><\/strong>&nbsp;<\/p>\n\n\n\n<p>Evento \u2013&nbsp;Semana do Cinema&nbsp;&nbsp;<\/p>\n\n\n\n<p>ENTRADA FRANCA \u2013 ABERTA AO P\u00daBLICO&nbsp;<\/p>\n\n\n\n<p>Instagram&nbsp;<strong><u>@nucinetomjobim<\/u><\/strong>, acessar uma hora antes de cada evento&nbsp;<\/p>\n\n\n\n<p>Data \u2013&nbsp;de 10 a 13 de novembro&nbsp;&nbsp;<\/p>\n\n\n\n<p>Hor\u00e1rio &#8211; das 10h \u00e0s 19h&nbsp;<\/p>\n\n\n\n<p><strong><u>CONFIRA ABAIXO A PROGRAMA\u00c7\u00c3O COMPLETA:<\/u><\/strong>&nbsp;<\/p>\n\n\n\n<p><strong>Dia 10 de novembro (ter\u00e7a-feira)<\/strong>&nbsp;<\/p>\n\n\n\n<p>10h&nbsp;&#8211;&nbsp;Colorimetria&nbsp;&#8211;&nbsp;\u201cComo as hist\u00f3rias em quadrinhos conquistaram Hollywood: o espet\u00e1culo tecnol\u00f3gico\u201d, palestra com&nbsp;Yuri Garcia;&nbsp;&nbsp;<\/p>\n\n\n\n<p>15h &#8211; Colorimetria &#8211; \u201cA magia da cor no Cinema: Arte e T\u00e9cnica\u201d,&nbsp;oficina&nbsp;com&nbsp;Diego&nbsp;Yham\u00e1.&nbsp;<\/p>\n\n\n\n<p><strong>Dia 11 de novembro (quarta-feira)<\/strong>&nbsp;<\/p>\n\n\n\n<p>10h &#8211;&nbsp;Efeitos especiais&nbsp;&#8211; \u201cNovas perspectivas&nbsp;para o profissional de&nbsp;<em>Motion&nbsp;<\/em><em>Graphics<\/em>\u201d, palestra com&nbsp;Viviane&nbsp;Merlino;&nbsp;<\/p>\n\n\n\n<p>15h &#8211; Efeitos especiais &#8211; \u201cPlanejando e produzindo a p\u00f3s-produ\u00e7\u00e3o no&nbsp;Cinema: o desafio do produto final\u201d,&nbsp;oficina Sabrina Bogado;&nbsp;<\/p>\n\n\n\n<p>19h &#8211; Efeitos especiais &#8211; \u201cPitching&nbsp;&#8211; concurso de roteiros 2020! &#8211; convidados da banca&nbsp;Francisco Malta, Eduardo Miranda e M\u00f4nica&nbsp;Klemz.&nbsp;<\/p>\n\n\n\n<p><strong>Dia 12 de novembro (quinta-feira)<\/strong>&nbsp;<\/p>\n\n\n\n<p>10h &#8211; Montagem e edi\u00e7\u00e3o &#8211; \u201cLightfield: o presente e o futuro da edi\u00e7\u00e3o cinematogr\u00e1fica\u201d, palestra com&nbsp;Andr\u00e9&nbsp;Scucato;&nbsp;<\/p>\n\n\n\n<p>15h &#8211; Montagem e edi\u00e7\u00e3o &#8211; \u201cEdi\u00e7\u00e3o de v\u00eddeo digital com Adobe Premiere\u201d, oficina com&nbsp;Cleber Correia.&nbsp;<\/p>\n\n\n\n<p><strong>Dia 13 de novembro (sexta-feira)<\/strong>&nbsp;<\/p>\n\n\n\n<p>10h &#8211;&nbsp;\u201cTrilha musical: do Cinema mudo aos games\u201d&nbsp;&#8211;&nbsp;debate com Passarinho e Teco&nbsp;Fuchs;&nbsp;<\/p>\n\n\n\n<p>14h &#8211; Cine Clube: Debate&nbsp;\u2013 \u201cOs injusti\u00e7ados do Oscar \u2013 A origem do&nbsp;discurso do rei&nbsp;\u2013 convidados Eduardo&nbsp;Halfen, Yuri Garcia e Fl\u00e1vio Di Cola.&nbsp;<\/p>\n","protected":false},"excerpt":{"rendered":"<p>A atra\u00e7\u00e3o ser\u00e1 gratuita e completamente aberta ao p\u00fablico externo\u00a0 Diversos profissionais do Cinema estar\u00e3o<\/p>\n","protected":false},"author":2,"featured_media":5287,"comment_status":"open","ping_status":"open","sticky":false,"template":"","format":"standard","meta":{"footnotes":""},"categories":[21],"tags":[],"class_list":["post-5284","post","type-post","status-publish","format-standard","has-post-thumbnail","hentry","category-cultura"],"_links":{"self":[{"href":"https:\/\/tvc16.com\/portal\/wp-json\/wp\/v2\/posts\/5284","targetHints":{"allow":["GET"]}}],"collection":[{"href":"https:\/\/tvc16.com\/portal\/wp-json\/wp\/v2\/posts"}],"about":[{"href":"https:\/\/tvc16.com\/portal\/wp-json\/wp\/v2\/types\/post"}],"author":[{"embeddable":true,"href":"https:\/\/tvc16.com\/portal\/wp-json\/wp\/v2\/users\/2"}],"replies":[{"embeddable":true,"href":"https:\/\/tvc16.com\/portal\/wp-json\/wp\/v2\/comments?post=5284"}],"version-history":[{"count":1,"href":"https:\/\/tvc16.com\/portal\/wp-json\/wp\/v2\/posts\/5284\/revisions"}],"predecessor-version":[{"id":5288,"href":"https:\/\/tvc16.com\/portal\/wp-json\/wp\/v2\/posts\/5284\/revisions\/5288"}],"wp:featuredmedia":[{"embeddable":true,"href":"https:\/\/tvc16.com\/portal\/wp-json\/wp\/v2\/media\/5287"}],"wp:attachment":[{"href":"https:\/\/tvc16.com\/portal\/wp-json\/wp\/v2\/media?parent=5284"}],"wp:term":[{"taxonomy":"category","embeddable":true,"href":"https:\/\/tvc16.com\/portal\/wp-json\/wp\/v2\/categories?post=5284"},{"taxonomy":"post_tag","embeddable":true,"href":"https:\/\/tvc16.com\/portal\/wp-json\/wp\/v2\/tags?post=5284"}],"curies":[{"name":"wp","href":"https:\/\/api.w.org\/{rel}","templated":true}]}}