{"id":5289,"date":"2020-11-10T13:26:45","date_gmt":"2020-11-10T13:26:45","guid":{"rendered":"https:\/\/tvc16.com\/portal\/?p=5289"},"modified":"2020-11-10T13:26:45","modified_gmt":"2020-11-10T13:26:45","slug":"pm-apreende-menores-com-drogas-e-arma-no-quarteirao-brasileiro","status":"publish","type":"post","link":"https:\/\/tvc16.com\/portal\/2020\/11\/10\/pm-apreende-menores-com-drogas-e-arma-no-quarteirao-brasileiro\/","title":{"rendered":"PM apreende menores com drogas e arma no Quarteir\u00e3o Brasileiro"},"content":{"rendered":"\n<p>Na madrugada desta ter\u00e7a-feira (10) tr\u00eas adolescentes de 13, 15 e 16 anos, sendo dois deles irm\u00e3os, foram apreendidos pela Pol\u00edcia Militar na Rua Professor Jo\u00e3o de Deus, no Quarteir\u00e3o Brasileiro. Eles foram denunciados por moradores, ap\u00f3s circularem na regi\u00e3o com uma pistola. Assim que identificaram os acusados os agentes permaneceram em observa\u00e7\u00e3o por um tempo, para flagrar a venda de drogas. Ap\u00f3s comprovarem o ato il\u00edcito o trio foi abordado.<\/p>\n\n\n\n<p>Com eles os policiais apreenderam 100 c\u00e1psulas de coca\u00edna, uma pistola com a numera\u00e7\u00e3o raspada e 11 muni\u00e7\u00f5es e R$ 300 em dinheiro. Todos foram encaminhados para a 105\u00aa Delegacia de Pol\u00edcia, no Retiro, onde foram autuados em fato an\u00e1logo por tr\u00e1fico de drogas, associa\u00e7\u00e3o para o tr\u00e1fico e tamb\u00e9m por porte ilegal de arma de fogo. O grupo permaneceu apreendido e ficou \u00e0 disposi\u00e7\u00e3o da justi\u00e7a.<\/p>\n","protected":false},"excerpt":{"rendered":"<p>Na madrugada desta ter\u00e7a-feira (10) tr\u00eas adolescentes de 13, 15 e 16 anos, sendo dois<\/p>\n","protected":false},"author":2,"featured_media":5290,"comment_status":"open","ping_status":"open","sticky":false,"template":"","format":"standard","meta":{"footnotes":""},"categories":[12],"tags":[],"class_list":["post-5289","post","type-post","status-publish","format-standard","has-post-thumbnail","hentry","category-cidade"],"_links":{"self":[{"href":"https:\/\/tvc16.com\/portal\/wp-json\/wp\/v2\/posts\/5289","targetHints":{"allow":["GET"]}}],"collection":[{"href":"https:\/\/tvc16.com\/portal\/wp-json\/wp\/v2\/posts"}],"about":[{"href":"https:\/\/tvc16.com\/portal\/wp-json\/wp\/v2\/types\/post"}],"author":[{"embeddable":true,"href":"https:\/\/tvc16.com\/portal\/wp-json\/wp\/v2\/users\/2"}],"replies":[{"embeddable":true,"href":"https:\/\/tvc16.com\/portal\/wp-json\/wp\/v2\/comments?post=5289"}],"version-history":[{"count":1,"href":"https:\/\/tvc16.com\/portal\/wp-json\/wp\/v2\/posts\/5289\/revisions"}],"predecessor-version":[{"id":5291,"href":"https:\/\/tvc16.com\/portal\/wp-json\/wp\/v2\/posts\/5289\/revisions\/5291"}],"wp:featuredmedia":[{"embeddable":true,"href":"https:\/\/tvc16.com\/portal\/wp-json\/wp\/v2\/media\/5290"}],"wp:attachment":[{"href":"https:\/\/tvc16.com\/portal\/wp-json\/wp\/v2\/media?parent=5289"}],"wp:term":[{"taxonomy":"category","embeddable":true,"href":"https:\/\/tvc16.com\/portal\/wp-json\/wp\/v2\/categories?post=5289"},{"taxonomy":"post_tag","embeddable":true,"href":"https:\/\/tvc16.com\/portal\/wp-json\/wp\/v2\/tags?post=5289"}],"curies":[{"name":"wp","href":"https:\/\/api.w.org\/{rel}","templated":true}]}}