{"id":5292,"date":"2020-11-10T15:18:50","date_gmt":"2020-11-10T15:18:50","guid":{"rendered":"https:\/\/tvc16.com\/portal\/?p=5292"},"modified":"2020-11-10T15:18:50","modified_gmt":"2020-11-10T15:18:50","slug":"ministro-do-stf-decide-por-prisao-domiciliar-a-avo-responsavel-pela-guarda-de-netos-menores-de-idade","status":"publish","type":"post","link":"https:\/\/tvc16.com\/portal\/2020\/11\/10\/ministro-do-stf-decide-por-prisao-domiciliar-a-avo-responsavel-pela-guarda-de-netos-menores-de-idade\/","title":{"rendered":"Ministro do STF decide por pris\u00e3o domiciliar a av\u00f3 respons\u00e1vel pela guarda de netos menores de idade"},"content":{"rendered":"\n<p><\/p>\n\n\n\n<p>A mulher \u00e9 acusada de tr\u00e1fico de drogas. Ela ter\u00e1 que comparecer periodicamente em ju\u00edzo para informar e justificar suas atividades<\/p>\n\n\n\n<p>O ministro do Supremo Tribunal Federal <a href=\"http:\/\/portal.stf.jus.br\/\">(STF)<\/a> Gilmar Mendes deferiu Habeas Corpus (HC 192800) e determinou pris\u00e3o domiciliar a uma av\u00f3 de duas crian\u00e7as menores de idade, das quais det\u00e9m a guarda. A mulher \u00e9 acusada de tr\u00e1fico de drogas. Ela ter\u00e1 que comparecer periodicamente em ju\u00edzo para informar e justificar suas atividades.<\/p>\n\n\n\n<p>A av\u00f3 das crian\u00e7as se encontra detida desde o dia 15 de setembro. Ela teve pedidos de liminar negados no Tribunal de Justi\u00e7a do Estado de S\u00e3o Paulo <a href=\"http:\/\/www.tjsp.jus.br\/\">(TJ-SP)<\/a> e no Superior Tribunal de Justi\u00e7a <a href=\"https:\/\/www.stj.jus.br\/\">(STJ)<\/a>.<\/p>\n\n\n\n<p><a href=\"https:\/\/brasil61.com\/noticias\/ministro-do-stf-nega-habeas-corpus-a-homem-acusado-por-roubar-r-1-milhao-bras202471\"><strong>Ministro do STF nega habeas corpus a homem acusado por roubar R$ 1 milh\u00e3o<\/strong><\/a><\/p>\n\n\n\n<p><a href=\"https:\/\/brasil61.com\/noticias\/extratos-bancarios-de-partidos-devem-ser-divulgados-em-tempo-real-bras202347\"><strong>Extratos banc\u00e1rios de partidos devem ser divulgados em tempo real<\/strong><\/a><\/p>\n\n\n\n<p>Na avalia\u00e7\u00e3o de Gilmar, mesmo diante da dupla supress\u00e3o de inst\u00e2ncia, o caso \u00e9 de constrangimento ilegal, que permite a supera\u00e7\u00e3o do entendimento do STF sobre a mat\u00e9ria.<br>A decis\u00e3o ocorreu pelo fato de as crian\u00e7as, com idades de tr\u00eas e seis anos, serem dependentes da av\u00f3, j\u00e1 que a m\u00e3e delas faleceu em 2018, e o pai, que cumpre medidas cautelares, n\u00e3o tem condi\u00e7\u00f5es de cuidar dos filhos. A mulher tamb\u00e9m \u00e9 vi\u00fava e tem uma filha de 17 anos.<\/p>\n\n\n\n<p>Diante dessa situa\u00e7\u00e3o, o magistrado entendeu necess\u00e1ria a concess\u00e3o da pris\u00e3o domiciliar, que somente ser\u00e1 mantida se a av\u00f3 das crian\u00e7as cumprir alguns requisitos, entre eles, solicitar previamente autoriza\u00e7\u00e3o judicial sempre que pretender se ausentar de sua resid\u00eancia.<\/p>\n\n\n\n<p>Fonte: <a href=\"https:\/\/brasil61.com\/noticias\/ministro-do-stf-decide-por-prisao-domiciliar-a-avo-responsavel-pela-guarda-de-netos-menores-de-idade-bras202529?email=bethdeoliveira@yahoo.com.br&amp;utm_source=newsletter&amp;utm_medium=newsletter&amp;utm_campaign=newsletter\" target=\"_blank\" rel=\"noreferrer noopener\">Brasil 61<\/a><\/p>\n","protected":false},"excerpt":{"rendered":"<p>A mulher \u00e9 acusada de tr\u00e1fico de drogas. Ela ter\u00e1 que comparecer periodicamente em ju\u00edzo<\/p>\n","protected":false},"author":2,"featured_media":5296,"comment_status":"open","ping_status":"open","sticky":false,"template":"","format":"standard","meta":{"footnotes":""},"categories":[14],"tags":[],"class_list":["post-5292","post","type-post","status-publish","format-standard","has-post-thumbnail","hentry","category-pais"],"_links":{"self":[{"href":"https:\/\/tvc16.com\/portal\/wp-json\/wp\/v2\/posts\/5292","targetHints":{"allow":["GET"]}}],"collection":[{"href":"https:\/\/tvc16.com\/portal\/wp-json\/wp\/v2\/posts"}],"about":[{"href":"https:\/\/tvc16.com\/portal\/wp-json\/wp\/v2\/types\/post"}],"author":[{"embeddable":true,"href":"https:\/\/tvc16.com\/portal\/wp-json\/wp\/v2\/users\/2"}],"replies":[{"embeddable":true,"href":"https:\/\/tvc16.com\/portal\/wp-json\/wp\/v2\/comments?post=5292"}],"version-history":[{"count":1,"href":"https:\/\/tvc16.com\/portal\/wp-json\/wp\/v2\/posts\/5292\/revisions"}],"predecessor-version":[{"id":5297,"href":"https:\/\/tvc16.com\/portal\/wp-json\/wp\/v2\/posts\/5292\/revisions\/5297"}],"wp:featuredmedia":[{"embeddable":true,"href":"https:\/\/tvc16.com\/portal\/wp-json\/wp\/v2\/media\/5296"}],"wp:attachment":[{"href":"https:\/\/tvc16.com\/portal\/wp-json\/wp\/v2\/media?parent=5292"}],"wp:term":[{"taxonomy":"category","embeddable":true,"href":"https:\/\/tvc16.com\/portal\/wp-json\/wp\/v2\/categories?post=5292"},{"taxonomy":"post_tag","embeddable":true,"href":"https:\/\/tvc16.com\/portal\/wp-json\/wp\/v2\/tags?post=5292"}],"curies":[{"name":"wp","href":"https:\/\/api.w.org\/{rel}","templated":true}]}}