{"id":5307,"date":"2020-11-10T15:43:02","date_gmt":"2020-11-10T15:43:02","guid":{"rendered":"https:\/\/tvc16.com\/portal\/?p=5307"},"modified":"2020-11-10T15:43:02","modified_gmt":"2020-11-10T15:43:02","slug":"pericia-medica-do-inss-com-uso-de-telemedicina-comeca-na-proxima-segunda","status":"publish","type":"post","link":"https:\/\/tvc16.com\/portal\/2020\/11\/10\/pericia-medica-do-inss-com-uso-de-telemedicina-comeca-na-proxima-segunda\/","title":{"rendered":"Per\u00edcia m\u00e9dica do INSS com uso de telemedicina come\u00e7a na pr\u00f3xima segunda"},"content":{"rendered":"\n<p>Dando cumprimento \u00e0 decis\u00e3o do TCU, o protocolo autoriza a realiza\u00e7\u00e3o de procedimentos durante o per\u00edodo de enfrentamento da pandemia da Covid-19<\/p>\n\n\n\n<p>Os atendimentos das Per\u00edcias M\u00e9dicas com Uso da Telemedicina (Pmut) ter\u00e3o in\u00edcio no dia 16 de novembro e v\u00e3o at\u00e9 31 de janeiro de 2021. Dando cumprimento \u00e0 decis\u00e3o do Tribunal de Contas da Uni\u00e3o (TCU), o protocolo autoriza a realiza\u00e7\u00e3o de procedimentos usando telemedicina, durante o per\u00edodo de enfrentamento da pandemia da Covid-19.<\/p>\n\n\n\n<p>A experi\u00eancia piloto passou pela Secretaria Especial de Previd\u00eancia e Trabalho e o Instituto Nacional do Seguro Social (INSS), que realizaram reuni\u00f5es com o Conselho Federal de Medicina e a Associa\u00e7\u00e3o Nacional de Medicina do Trabalho.<\/p>\n\n\n\n<p><a href=\"https:\/\/brasil61.com\/noticias\/prazo-para-solicitar-antecipacao-do-auxilio-doenca-e-prorrogado-ate-30-de-novembro-bras202463\"><strong>Prazo para solicitar antecipa\u00e7\u00e3o do aux\u00edlio-doen\u00e7a \u00e9 prorrogado at\u00e9 30 de novembro<\/strong><\/a><\/p>\n\n\n\n<p><a href=\"https:\/\/brasil61.com\/noticias\/mpf-mantem-realizacao-de-mutirao-para-analise-de-beneficios-para-idosos-e-pessoas-com-deficiencia-bras202483\"><strong>MPF mant\u00e9m realiza\u00e7\u00e3o de \u201cmutir\u00e3o\u201d para an\u00e1lise de benef\u00edcios para idosos e pessoas com defici\u00eancia<\/strong><\/a><\/p>\n\n\n\n<p>As entidades trabalharam no roteiro de procedimentos, bem como o modelo de relat\u00f3rio m\u00e9dico para encaminhamento do trabalhador que ser\u00e1 a ela submetido, a ser elaborado pelo m\u00e9dico do trabalho.<\/p>\n\n\n\n<p>O procedimento de car\u00e1ter obrigat\u00f3rio, tem como objetivo certificar a exist\u00eancia de doen\u00e7a ou a ocorr\u00eancia de algum acidente que tenha tornado o trabalhador incapacitado, total ou parcialmente, para o exerc\u00edcio da profiss\u00e3o de forma tempor\u00e1ria ou definitiva. Al\u00e9m de atestar sua melhora para a volta ao trabalho.&nbsp;<\/p>\n\n\n\n<p>Fonte: <a href=\"https:\/\/brasil61.com\/noticias\/pericia-medica-do-inss-com-uso-de-telemedicina-comeca-na-proxima-segunda-bras202527?email=bethdeoliveira@yahoo.com.br&amp;utm_source=newsletter&amp;utm_medium=newsletter&amp;utm_campaign=newsletter\" target=\"_blank\" rel=\"noreferrer noopener\">Brasil 61<\/a><\/p>\n","protected":false},"excerpt":{"rendered":"<p>Dando cumprimento \u00e0 decis\u00e3o do TCU, o protocolo autoriza a realiza\u00e7\u00e3o de procedimentos durante o<\/p>\n","protected":false},"author":2,"featured_media":5308,"comment_status":"open","ping_status":"open","sticky":false,"template":"","format":"standard","meta":{"footnotes":""},"categories":[14],"tags":[],"class_list":["post-5307","post","type-post","status-publish","format-standard","has-post-thumbnail","hentry","category-pais"],"_links":{"self":[{"href":"https:\/\/tvc16.com\/portal\/wp-json\/wp\/v2\/posts\/5307","targetHints":{"allow":["GET"]}}],"collection":[{"href":"https:\/\/tvc16.com\/portal\/wp-json\/wp\/v2\/posts"}],"about":[{"href":"https:\/\/tvc16.com\/portal\/wp-json\/wp\/v2\/types\/post"}],"author":[{"embeddable":true,"href":"https:\/\/tvc16.com\/portal\/wp-json\/wp\/v2\/users\/2"}],"replies":[{"embeddable":true,"href":"https:\/\/tvc16.com\/portal\/wp-json\/wp\/v2\/comments?post=5307"}],"version-history":[{"count":1,"href":"https:\/\/tvc16.com\/portal\/wp-json\/wp\/v2\/posts\/5307\/revisions"}],"predecessor-version":[{"id":5309,"href":"https:\/\/tvc16.com\/portal\/wp-json\/wp\/v2\/posts\/5307\/revisions\/5309"}],"wp:featuredmedia":[{"embeddable":true,"href":"https:\/\/tvc16.com\/portal\/wp-json\/wp\/v2\/media\/5308"}],"wp:attachment":[{"href":"https:\/\/tvc16.com\/portal\/wp-json\/wp\/v2\/media?parent=5307"}],"wp:term":[{"taxonomy":"category","embeddable":true,"href":"https:\/\/tvc16.com\/portal\/wp-json\/wp\/v2\/categories?post=5307"},{"taxonomy":"post_tag","embeddable":true,"href":"https:\/\/tvc16.com\/portal\/wp-json\/wp\/v2\/tags?post=5307"}],"curies":[{"name":"wp","href":"https:\/\/api.w.org\/{rel}","templated":true}]}}