{"id":531,"date":"2020-09-16T12:44:17","date_gmt":"2020-09-16T12:44:17","guid":{"rendered":"https:\/\/tvc16.com\/portal\/?p=531"},"modified":"2020-09-16T12:44:17","modified_gmt":"2020-09-16T12:44:17","slug":"musicoterapia-e-aliada-na-recuperacao-apos-alta-hospitalar","status":"publish","type":"post","link":"https:\/\/tvc16.com\/portal\/2020\/09\/16\/musicoterapia-e-aliada-na-recuperacao-apos-alta-hospitalar\/","title":{"rendered":"Musicoterapia \u00e9 aliada na recupera\u00e7\u00e3o ap\u00f3s alta hospitalar"},"content":{"rendered":"\n<p><em>A t\u00e9cnica atua na \u00e1rea do c\u00e9rebro respons\u00e1vel pelas emo\u00e7\u00f5es<\/em><\/p>\n\n\n\n<p>Ouvir m\u00fasica \u00e9 um h\u00e1bito que n\u00e3o s\u00f3 faz bem aos ouvidos, como age de maneira positiva no c\u00e9rebro. Por causa dos benef\u00edcios que pode proporcionar, a m\u00fasica deu sentido \u00e0 musicoterapia, usada em tratamentos e na reabilita\u00e7\u00e3o de pacientes. Essa pr\u00e1tica tem sido adotada pelo m\u00e9dico  Jos\u00e9 Mauro Silva respons\u00e1vel por aplicar esta t\u00e9cnica auxiliando os pacientes a melhorar o humor, a ansiedade e no controle da dor.<\/p>\n\n\n\n<p>A aposentada Cl\u00e9a Maria Cocco Bar\u00e7ante, 83 anos, venceu recentemente a batalha contra a covid-19 e relata a experi\u00eancia vivida com a musicoterapia.<\/p>\n\n\n\n<p>\u201cEu fiquei 21 dias internada por causa da Covid-19, mas gra\u00e7as a Deus eu venci. Ap\u00f3s a alta, eu fiz musicoterapia, o que me ajudou muito. Eu estava desanimada e me senti protegida. Acho que a Musicoterapia levanta a autoestima, a arte e faz bem \u00e0 alma\u201d, conta Cl\u00e9a Maria Cocco Bar\u00e7ante.<\/p>\n\n\n\n<p>O m\u00e9dico Cl\u00ednico Geral Jos\u00e9 Mauro Silva \u00e9 o respons\u00e1vel por aplicar a musicoterapia aos pacientes da Unimed Petr\u00f3polis. Ele explica que a m\u00fasica fortalece os pacientes emocionalmente.<\/p>\n\n\n\n<p>\u201cA Musicoterapia age no sistema l\u00edmbico, \u00e1rea respons\u00e1vel pelas emo\u00e7\u00f5es, afetividade e motiva\u00e7\u00e3o. Eu uso a m\u00fasica na maioria dos acompanhamentos de meus pacientes, que ficam mais alegres, motivados e emocionados\u201d, explica Jos\u00e9 Mauro.<\/p>\n\n\n\n<p>O Saxofone e o acordeon s\u00e3o alguns instrumentos usados pelo m\u00e9dico nos acompanhamentos. O uso de recursos sonoros e musicais j\u00e1 beneficiou pacientes com esclerose m\u00faltipla, sequelas de AVC\u2019s e paraplegia esp\u00e1stica heredit\u00e1ria.<\/p>\n\n\n\n<p>\u201cAcredito que, com a m\u00fasica, eu levo lembran\u00e7a e esperan\u00e7a aos meus pacientes. N\u00f3s conseguimos reduzir a quantidade de medicamentos com essa pr\u00e1tica, e proporcionamos algo que eles precisam muito, como aten\u00e7\u00e3o e carinho. Sempre sou lembrado por eles para n\u00e3o esquecer os instrumentos\u201d, finaliza Jos\u00e9 Mauro.<\/p>\n","protected":false},"excerpt":{"rendered":"<p>A t\u00e9cnica atua na \u00e1rea do c\u00e9rebro respons\u00e1vel pelas emo\u00e7\u00f5es Ouvir m\u00fasica \u00e9 um h\u00e1bito<\/p>\n","protected":false},"author":2,"featured_media":532,"comment_status":"open","ping_status":"open","sticky":false,"template":"","format":"standard","meta":{"footnotes":""},"categories":[17],"tags":[],"class_list":["post-531","post","type-post","status-publish","format-standard","has-post-thumbnail","hentry","category-outras-noticias"],"_links":{"self":[{"href":"https:\/\/tvc16.com\/portal\/wp-json\/wp\/v2\/posts\/531","targetHints":{"allow":["GET"]}}],"collection":[{"href":"https:\/\/tvc16.com\/portal\/wp-json\/wp\/v2\/posts"}],"about":[{"href":"https:\/\/tvc16.com\/portal\/wp-json\/wp\/v2\/types\/post"}],"author":[{"embeddable":true,"href":"https:\/\/tvc16.com\/portal\/wp-json\/wp\/v2\/users\/2"}],"replies":[{"embeddable":true,"href":"https:\/\/tvc16.com\/portal\/wp-json\/wp\/v2\/comments?post=531"}],"version-history":[{"count":1,"href":"https:\/\/tvc16.com\/portal\/wp-json\/wp\/v2\/posts\/531\/revisions"}],"predecessor-version":[{"id":533,"href":"https:\/\/tvc16.com\/portal\/wp-json\/wp\/v2\/posts\/531\/revisions\/533"}],"wp:featuredmedia":[{"embeddable":true,"href":"https:\/\/tvc16.com\/portal\/wp-json\/wp\/v2\/media\/532"}],"wp:attachment":[{"href":"https:\/\/tvc16.com\/portal\/wp-json\/wp\/v2\/media?parent=531"}],"wp:term":[{"taxonomy":"category","embeddable":true,"href":"https:\/\/tvc16.com\/portal\/wp-json\/wp\/v2\/categories?post=531"},{"taxonomy":"post_tag","embeddable":true,"href":"https:\/\/tvc16.com\/portal\/wp-json\/wp\/v2\/tags?post=531"}],"curies":[{"name":"wp","href":"https:\/\/api.w.org\/{rel}","templated":true}]}}