{"id":5310,"date":"2020-11-10T15:48:14","date_gmt":"2020-11-10T15:48:14","guid":{"rendered":"https:\/\/tvc16.com\/portal\/?p=5310"},"modified":"2020-11-10T15:48:14","modified_gmt":"2020-11-10T15:48:14","slug":"donos-de-pequenas-empresas-passam-a-ter-acesso-online-e-gratuito-a-curso-do-sebrae-sobre-lgpd","status":"publish","type":"post","link":"https:\/\/tvc16.com\/portal\/2020\/11\/10\/donos-de-pequenas-empresas-passam-a-ter-acesso-online-e-gratuito-a-curso-do-sebrae-sobre-lgpd\/","title":{"rendered":"Donos de pequenas empresas passam a ter acesso online e gratuito a curso do Sebrae sobre LGPD"},"content":{"rendered":"\n<p>O curso tem dura\u00e7\u00e3o de 2 horas e ensina como funciona a Lei Geral de Prote\u00e7\u00e3o de Dados Pessoais, quais s\u00e3o as diretrizes e os impactos na implementa\u00e7\u00e3o da nova legisla\u00e7\u00e3o nas empresas<\/p>\n\n\n\n<p>Com a entrada em vigor da Lei Geral de Prote\u00e7\u00e3o de Dados Pessoais <a href=\"http:\/\/www.planalto.gov.br\/ccivil_03\/_ato2019-2022\/2019\/lei\/l13853.htm\">(LGPD)<\/a>, todas as empresas instaladas no pa\u00eds, independentemente do porte, ter\u00e3o que se submeter \u00e0 nova legisla\u00e7\u00e3o. As novas regras dizem respeito ao regulamento da coleta, tratamento, armazenamento e o compartilhamento de dados pessoais gerenciados por empresas.<\/p>\n\n\n\n<p>Com o objetivo de orientar os donos de pequenos neg\u00f3cios, at\u00e9 mesmo os microempreendedores individuais (MEI), nesse prop\u00f3sito, o <a href=\"https:\/\/www.sebrae.com.br\/sites\/PortalSebrae\">Sebrae<\/a> passou a oferecer um curso online e gratuito, denominado \u201cLGPD: a sua empresa est\u00e1 preparada?\u201d. Para se inscrever, os interessados devem acessar o Portal do Sebrae.<\/p>\n\n\n\n<p><a href=\"https:\/\/brasil61.com\/noticias\/mec-oferece-cursos-gratis-para-capacitacao-de-professores-em-tecnicas-de-ensino-a-distancia-bras202520\"><strong>MEC oferece cursos gr\u00e1tis para capacita\u00e7\u00e3o de professores em t\u00e9cnicas de ensino \u00e0 dist\u00e2ncia<\/strong><\/a><\/p>\n\n\n\n<p><a href=\"https:\/\/brasil61.com\/noticias\/rn-mesmo-com-pandemia-industrias-do-conhecimento-chegam-a-933-mil-atendimentos-em-sete-meses-pind202248\"><strong>RN: Mesmo com pandemia, Ind\u00fastrias do Conhecimento chegam a 933 mil atendimentos em sete meses<\/strong><\/a><\/p>\n\n\n\n<p>O gerente da Unidade de Solu\u00e7\u00f5es do Sebrae, Diego Dem\u00e9trio, afirma que o curso foi desenvolvido com a ideia de apresentar uma vis\u00e3o geral e simplificada da Lei Geral de Prote\u00e7\u00e3o de Dados Pessoais. Com isso, o objetivo \u00e9 atender as principais d\u00favidas dos donos de pequenos empreendimentos. &nbsp;<\/p>\n\n\n\n<p>O curso tem dura\u00e7\u00e3o de 2 horas e ensina como funciona a LGPD, quais s\u00e3o as diretrizes e os impactos na implementa\u00e7\u00e3o da nova legisla\u00e7\u00e3o nas empresas. Al\u00e9m disso, o conte\u00fado aborda boas pr\u00e1ticas no uso de dados pessoais de clientes e fornecedores.<\/p>\n\n\n\n<p>Fonte: <a href=\"https:\/\/brasil61.com\/noticias\/donos-de-pequenas-empresas-passam-a-ter-acesso-online-e-gratuito-a-curso-do-sebrae-sobre-lgpd-bras202528?email=bethdeoliveira@yahoo.com.br&amp;utm_source=newsletter&amp;utm_medium=newsletter&amp;utm_campaign=newsletter\" target=\"_blank\" rel=\"noreferrer noopener\">Brasil 61<\/a><\/p>\n","protected":false},"excerpt":{"rendered":"<p>O curso tem dura\u00e7\u00e3o de 2 horas e ensina como funciona a Lei Geral de<\/p>\n","protected":false},"author":2,"featured_media":5311,"comment_status":"open","ping_status":"open","sticky":false,"template":"","format":"standard","meta":{"footnotes":""},"categories":[19],"tags":[],"class_list":["post-5310","post","type-post","status-publish","format-standard","has-post-thumbnail","hentry","category-educacao"],"_links":{"self":[{"href":"https:\/\/tvc16.com\/portal\/wp-json\/wp\/v2\/posts\/5310","targetHints":{"allow":["GET"]}}],"collection":[{"href":"https:\/\/tvc16.com\/portal\/wp-json\/wp\/v2\/posts"}],"about":[{"href":"https:\/\/tvc16.com\/portal\/wp-json\/wp\/v2\/types\/post"}],"author":[{"embeddable":true,"href":"https:\/\/tvc16.com\/portal\/wp-json\/wp\/v2\/users\/2"}],"replies":[{"embeddable":true,"href":"https:\/\/tvc16.com\/portal\/wp-json\/wp\/v2\/comments?post=5310"}],"version-history":[{"count":1,"href":"https:\/\/tvc16.com\/portal\/wp-json\/wp\/v2\/posts\/5310\/revisions"}],"predecessor-version":[{"id":5312,"href":"https:\/\/tvc16.com\/portal\/wp-json\/wp\/v2\/posts\/5310\/revisions\/5312"}],"wp:featuredmedia":[{"embeddable":true,"href":"https:\/\/tvc16.com\/portal\/wp-json\/wp\/v2\/media\/5311"}],"wp:attachment":[{"href":"https:\/\/tvc16.com\/portal\/wp-json\/wp\/v2\/media?parent=5310"}],"wp:term":[{"taxonomy":"category","embeddable":true,"href":"https:\/\/tvc16.com\/portal\/wp-json\/wp\/v2\/categories?post=5310"},{"taxonomy":"post_tag","embeddable":true,"href":"https:\/\/tvc16.com\/portal\/wp-json\/wp\/v2\/tags?post=5310"}],"curies":[{"name":"wp","href":"https:\/\/api.w.org\/{rel}","templated":true}]}}