{"id":5317,"date":"2020-11-10T15:57:41","date_gmt":"2020-11-10T15:57:41","guid":{"rendered":"https:\/\/tvc16.com\/portal\/?p=5317"},"modified":"2020-11-10T15:57:41","modified_gmt":"2020-11-10T15:57:41","slug":"rogerio-ceni-assume-o-flamengo-e-pode-estrear-contra-o-sao-paulo","status":"publish","type":"post","link":"https:\/\/tvc16.com\/portal\/2020\/11\/10\/rogerio-ceni-assume-o-flamengo-e-pode-estrear-contra-o-sao-paulo\/","title":{"rendered":"Rog\u00e9rio Ceni assume o Flamengo e pode estrear contra o S\u00e3o Paulo"},"content":{"rendered":"\n<h2 class=\"wp-block-heading\">Ex-Fortaleza, t\u00e9cnico substitui Dom\u00e8nec Torrent, demitido na segunda<\/h2>\n\n\n\n<h4 class=\"wp-block-heading\">Por Lincoln Chaves &#8211; Rep\u00f3rter da R\u00e1dio Nacional e da TV Brasil \u2013 S\u00e3o Paulo &#8211; Ag\u00eancia Brasil &#8211; S\u00e3o Paulo<br><\/h4>\n\n\n\n<p>Rog\u00e9rio Ceni \u00e9 o novo t\u00e9cnico do Flamengo. O ex-goleiro foi anunciado pelo Rubro-Negro nesta\u00a0ter\u00e7a-feira (10) pela manh\u00e3, ap\u00f3s assinar contrato at\u00e9 dezembro de 2021. Ele substitui o catal\u00e3o\u00a0Dom\u00e8nec Torrent, demitido na\u00a0segunda-feira (9), ap\u00f3s a goleada por 4 a 0 sofrida para o Atl\u00e9tico-MG no \u00faltimo\u00a0domingo\u00a0(8), pela S\u00e9rie A do Campeonato Brasileiro.<img decoding=\"async\" src=\"https:\/\/agenciabrasil.ebc.com.br\/ebc.png?id=1392770&amp;o=node\"><img decoding=\"async\" src=\"https:\/\/agenciabrasil.ebc.com.br\/ebc.gif?id=1392770&amp;o=node\"><\/p>\n\n\n\n<p>Os auxiliares Charles Hembert e Nelson Sim\u00f5es e o preparador f\u00edsico Danilo Augusto, que trabalhavam com Ceni no Fortaleza, chegam junto com o treinador &#8211; que desembarcou no aeroporto Santos Dumont, no Rio&nbsp;de Janeiro, por volta das 7h30 desta&nbsp;segunda. Ele ser\u00e1 apresentado em entrevista coletiva \u00e0s 13h30 (hor\u00e1rio de Bras\u00edlia) e, na sequ\u00eancia, comanda o primeiro treinamento no Ninho do Urubu \u00e0 tarde.<\/p>\n\n\n\n<p>Ceni dirigia o Fortaleza desde 2018 &#8211; tendo uma r\u00e1pida passagem de dois meses pelo Cruzeiro, no ano passado. Pelo Tricolor do Pici, o t\u00e9cnico foi bicampe\u00e3o cearense e conquistou os t\u00edtulos da Copa do Nordeste e da S\u00e9rie B do Brasileir\u00e3o. Em 153 jogos pelo Le\u00e3o, foram 81 vit\u00f3rias, 33 empates e 39 derrotas com aproveitamento de 60,1%.<\/p>\n\n\n\n<p>A estreia de Ceni pelo Flamengo pode ser contra o S\u00e3o Paulo &#8211; clube no qual o ex-goleiro \u00e9 \u00eddolo e onde iniciou a carreira de treinador &#8211; pela Copa do Brasil. O jogo de ida do confronto pelas quartas de final ser\u00e1\u00a0quarta-feira (11), \u00e0s 21h30, no Maracan\u00e3. Para isso, o t\u00e9cnico precisa\u00a0ter\u00a0o nome publicado no Boletim Informativo Di\u00e1rio (BID) da Confedera\u00e7\u00e3o Brasileira de Futebol (CBF).<\/p>\n\n\n\n<p>Edi\u00e7\u00e3o: Carol Jardim<\/p>\n","protected":false},"excerpt":{"rendered":"<p>Ex-Fortaleza, t\u00e9cnico substitui Dom\u00e8nec Torrent, demitido na segunda Por Lincoln Chaves &#8211; Rep\u00f3rter da R\u00e1dio<\/p>\n","protected":false},"author":2,"featured_media":5318,"comment_status":"open","ping_status":"open","sticky":false,"template":"","format":"standard","meta":{"footnotes":""},"categories":[20],"tags":[],"class_list":["post-5317","post","type-post","status-publish","format-standard","has-post-thumbnail","hentry","category-esporte"],"_links":{"self":[{"href":"https:\/\/tvc16.com\/portal\/wp-json\/wp\/v2\/posts\/5317","targetHints":{"allow":["GET"]}}],"collection":[{"href":"https:\/\/tvc16.com\/portal\/wp-json\/wp\/v2\/posts"}],"about":[{"href":"https:\/\/tvc16.com\/portal\/wp-json\/wp\/v2\/types\/post"}],"author":[{"embeddable":true,"href":"https:\/\/tvc16.com\/portal\/wp-json\/wp\/v2\/users\/2"}],"replies":[{"embeddable":true,"href":"https:\/\/tvc16.com\/portal\/wp-json\/wp\/v2\/comments?post=5317"}],"version-history":[{"count":1,"href":"https:\/\/tvc16.com\/portal\/wp-json\/wp\/v2\/posts\/5317\/revisions"}],"predecessor-version":[{"id":5319,"href":"https:\/\/tvc16.com\/portal\/wp-json\/wp\/v2\/posts\/5317\/revisions\/5319"}],"wp:featuredmedia":[{"embeddable":true,"href":"https:\/\/tvc16.com\/portal\/wp-json\/wp\/v2\/media\/5318"}],"wp:attachment":[{"href":"https:\/\/tvc16.com\/portal\/wp-json\/wp\/v2\/media?parent=5317"}],"wp:term":[{"taxonomy":"category","embeddable":true,"href":"https:\/\/tvc16.com\/portal\/wp-json\/wp\/v2\/categories?post=5317"},{"taxonomy":"post_tag","embeddable":true,"href":"https:\/\/tvc16.com\/portal\/wp-json\/wp\/v2\/tags?post=5317"}],"curies":[{"name":"wp","href":"https:\/\/api.w.org\/{rel}","templated":true}]}}