{"id":53621,"date":"2023-02-16T13:17:40","date_gmt":"2023-02-16T16:17:40","guid":{"rendered":"https:\/\/tvc16.com\/portal\/?p=53621"},"modified":"2023-02-16T13:17:41","modified_gmt":"2023-02-16T16:17:41","slug":"acao-contra-pornografia-infantil-e-executada-pela-pf-no-sul-da-bahia","status":"publish","type":"post","link":"https:\/\/tvc16.com\/portal\/2023\/02\/16\/acao-contra-pornografia-infantil-e-executada-pela-pf-no-sul-da-bahia\/","title":{"rendered":"A\u00e7\u00e3o contra pornografia infantil \u00e9 executada pela PF no sul da Bahia"},"content":{"rendered":"\n<h3 class=\"wp-block-heading\">Medida cumpriu dois mandados de busca e apreens\u00e3o em Ilh\u00e9us<\/h3>\n\n\n\n<h4 class=\"wp-block-heading\">Por Luciano Nascimento &#8211; Rep\u00f3rter da Ag\u00eancia Brasil &#8211; S\u00e3o Lu\u00eds<audio src=\"https:\/\/tts-app.ebc.com.br\/media\/tts\/198845.mp3\"><\/h4>\n\n\n\n<p>A Pol\u00edcia Federal (PF) deflagrou hoje (16) uma opera\u00e7\u00e3o para combater a distribui\u00e7\u00e3o de arquivos, imagens e v\u00eddeos com conte\u00fado pornogr\u00e1fico infantil por meio da internet. Batizada de Guardi\u00f5es, a a\u00e7\u00e3o cumpriu dois mandado de busca e apreens\u00e3o em Ilh\u00e9us, no Sul da Bahia.<img decoding=\"async\" src=\"https:\/\/agenciabrasil.ebc.com.br\/ebc.png?id=1510950&amp;o=node\"><img decoding=\"async\" src=\"https:\/\/agenciabrasil.ebc.com.br\/ebc.gif?id=1510950&amp;o=node\"><\/p>\n\n\n\n<p>De acordo com a PF, as investiga\u00e7\u00f5es foram baseadas em um trabalho de intelig\u00eancia que identificou usu\u00e1rios que utilizam redes sociais, servi\u00e7os de&nbsp;<em>e-mail<\/em>&nbsp;e armazenamento de arquivos para distribuir pornografia infantil.<\/p>\n\n\n\n<p>\u201cCom a continuidade das investiga\u00e7\u00f5es nos inqu\u00e9ritos policiais, an\u00e1lise pericial do material apreendido e depoimentos dos envolvidos, ser\u00e1 apurado se houve posse, transmiss\u00e3o, publica\u00e7\u00e3o do material de pornografia infanto-juvenil ou outras pr\u00e1ticas criminosas, com posterior relat\u00f3rio e remessa \u00e0 Justi\u00e7a Federal\u201d, disse a pol\u00edcia.<\/p>\n\n\n\n<p>Os crimes investigados na cidade preveem penas que podem chegar a seis anos de reclus\u00e3o e multa.<\/p>\n\n\n\n<p>Edi\u00e7\u00e3o: Val\u00e9ria Aguiar<\/p>\n","protected":false},"excerpt":{"rendered":"<p>Medida cumpriu dois mandados de busca e apreens\u00e3o em Ilh\u00e9us Por Luciano Nascimento &#8211; Rep\u00f3rter<\/p>\n","protected":false},"author":2,"featured_media":53622,"comment_status":"open","ping_status":"open","sticky":false,"template":"","format":"standard","meta":{"footnotes":""},"categories":[17],"tags":[],"class_list":["post-53621","post","type-post","status-publish","format-standard","has-post-thumbnail","hentry","category-outras-noticias"],"_links":{"self":[{"href":"https:\/\/tvc16.com\/portal\/wp-json\/wp\/v2\/posts\/53621","targetHints":{"allow":["GET"]}}],"collection":[{"href":"https:\/\/tvc16.com\/portal\/wp-json\/wp\/v2\/posts"}],"about":[{"href":"https:\/\/tvc16.com\/portal\/wp-json\/wp\/v2\/types\/post"}],"author":[{"embeddable":true,"href":"https:\/\/tvc16.com\/portal\/wp-json\/wp\/v2\/users\/2"}],"replies":[{"embeddable":true,"href":"https:\/\/tvc16.com\/portal\/wp-json\/wp\/v2\/comments?post=53621"}],"version-history":[{"count":1,"href":"https:\/\/tvc16.com\/portal\/wp-json\/wp\/v2\/posts\/53621\/revisions"}],"predecessor-version":[{"id":53623,"href":"https:\/\/tvc16.com\/portal\/wp-json\/wp\/v2\/posts\/53621\/revisions\/53623"}],"wp:featuredmedia":[{"embeddable":true,"href":"https:\/\/tvc16.com\/portal\/wp-json\/wp\/v2\/media\/53622"}],"wp:attachment":[{"href":"https:\/\/tvc16.com\/portal\/wp-json\/wp\/v2\/media?parent=53621"}],"wp:term":[{"taxonomy":"category","embeddable":true,"href":"https:\/\/tvc16.com\/portal\/wp-json\/wp\/v2\/categories?post=53621"},{"taxonomy":"post_tag","embeddable":true,"href":"https:\/\/tvc16.com\/portal\/wp-json\/wp\/v2\/tags?post=53621"}],"curies":[{"name":"wp","href":"https:\/\/api.w.org\/{rel}","templated":true}]}}