{"id":53628,"date":"2023-02-16T13:20:19","date_gmt":"2023-02-16T16:20:19","guid":{"rendered":"https:\/\/tvc16.com\/portal\/?p=53628"},"modified":"2023-02-16T13:20:20","modified_gmt":"2023-02-16T16:20:20","slug":"atividade-economica-tem-alta-de-29-em-2022","status":"publish","type":"post","link":"https:\/\/tvc16.com\/portal\/2023\/02\/16\/atividade-economica-tem-alta-de-29-em-2022\/","title":{"rendered":"Atividade econ\u00f4mica tem alta de 2,9% em 2022"},"content":{"rendered":"\n<h3 class=\"wp-block-heading\">\u00cdndice \u00e9 considerado pr\u00e9via do PIB, que ser\u00e1 divulgado em mar\u00e7o<\/h3>\n\n\n\n<h4 class=\"wp-block-heading\">Por Andreia Verd\u00e9lio &#8211; Rep\u00f3rter da Ag\u00eancia Brasil &#8211; Bras\u00edlia<audio src=\"https:\/\/tts-app.ebc.com.br\/media\/tts\/198836.mp3\"><\/h4>\n\n\n\n<p>A atividade econ\u00f4mica brasileira registrou alta de 2,9% em 2022, de acordo com dados divulgados hoje (16) pelo&nbsp;Banco Central (BC). O resultado aponta desacelera\u00e7\u00e3o da economia em rela\u00e7\u00e3o \u00e0 expans\u00e3o de 4,6% do Produto Interno Bruto (PIB, a soma dos bens e servi\u00e7os produzidos no pa\u00eds) em 2021.<img decoding=\"async\" src=\"https:\/\/agenciabrasil.ebc.com.br\/ebc.png?id=1510934&amp;o=node\"><img decoding=\"async\" src=\"https:\/\/agenciabrasil.ebc.com.br\/ebc.gif?id=1510934&amp;o=node\"><\/p>\n\n\n\n<p>O \u00cdndice de Atividade Econ\u00f4mica do Banco Central (IBC-Br) \u00e9 uma forma de avaliar a evolu\u00e7\u00e3o da atividade econ\u00f4mica do pa\u00eds e ajuda o \u00f3rg\u00e3o a tomar decis\u00f5es sobre a taxa b\u00e1sica de juros, a Selic, definida atualmente em 13,75% ao ano. O \u00edndice incorpora informa\u00e7\u00f5es sobre o n\u00edvel de atividade dos tr\u00eas setores da economia \u2013 a ind\u00fastria, o com\u00e9rcio e os servi\u00e7os e agropecu\u00e1ria \u2013, al\u00e9m do volume de impostos.<\/p>\n\n\n\n<p>Entretanto, o indicador oficial da economia brasileira \u00e9 o Produto Interno Bruto, calculado pelo Instituto Brasileiro de Geografia e Estat\u00edstica (IBGE). O PIB de 2022 ser\u00e1 divulgado em&nbsp;2 de mar\u00e7o.<\/p>\n\n\n\n<p>Em 2021, o PIB do Brasil cresceu 4,6%, totalizando R$ 8,7 trilh\u00f5es. At\u00e9 o terceiro trimestre de 2022, o indicador avan\u00e7ou 3,2%.<\/p>\n\n\n\n<h2 class=\"wp-block-heading\">Dados&nbsp;de dezembro<\/h2>\n\n\n\n<p>O IBC-Br&nbsp;de dezembro&nbsp;teve aumento de 0,29% em rela\u00e7\u00e3o ao m\u00eas anterior, de acordo com os dados dessazonalizados (ajustados para o per\u00edodo). Na compara\u00e7\u00e3o com dezembro de 2021, houve crescimento de 1,42% (sem ajuste para o per\u00edodo, j\u00e1 que a compara\u00e7\u00e3o \u00e9 entre meses iguais).<\/p>\n\n\n\n<p>Em 2022, os resultados do IBC-Br mantiveram trajet\u00f3ria de alta, com pequenas oscila\u00e7\u00f5es at\u00e9 o m\u00eas&nbsp;de julho, quando passou a cair. Em dezembro, o \u00edndice fechou em 143,62 pontos.<\/p>\n\n\n\n<p>Edi\u00e7\u00e3o: Gra\u00e7a Adjuto<\/p>\n","protected":false},"excerpt":{"rendered":"<p>\u00cdndice \u00e9 considerado pr\u00e9via do PIB, que ser\u00e1 divulgado em mar\u00e7o Por Andreia Verd\u00e9lio &#8211;<\/p>\n","protected":false},"author":2,"featured_media":53629,"comment_status":"open","ping_status":"open","sticky":false,"template":"","format":"standard","meta":{"footnotes":""},"categories":[17],"tags":[],"class_list":["post-53628","post","type-post","status-publish","format-standard","has-post-thumbnail","hentry","category-outras-noticias"],"_links":{"self":[{"href":"https:\/\/tvc16.com\/portal\/wp-json\/wp\/v2\/posts\/53628","targetHints":{"allow":["GET"]}}],"collection":[{"href":"https:\/\/tvc16.com\/portal\/wp-json\/wp\/v2\/posts"}],"about":[{"href":"https:\/\/tvc16.com\/portal\/wp-json\/wp\/v2\/types\/post"}],"author":[{"embeddable":true,"href":"https:\/\/tvc16.com\/portal\/wp-json\/wp\/v2\/users\/2"}],"replies":[{"embeddable":true,"href":"https:\/\/tvc16.com\/portal\/wp-json\/wp\/v2\/comments?post=53628"}],"version-history":[{"count":1,"href":"https:\/\/tvc16.com\/portal\/wp-json\/wp\/v2\/posts\/53628\/revisions"}],"predecessor-version":[{"id":53630,"href":"https:\/\/tvc16.com\/portal\/wp-json\/wp\/v2\/posts\/53628\/revisions\/53630"}],"wp:featuredmedia":[{"embeddable":true,"href":"https:\/\/tvc16.com\/portal\/wp-json\/wp\/v2\/media\/53629"}],"wp:attachment":[{"href":"https:\/\/tvc16.com\/portal\/wp-json\/wp\/v2\/media?parent=53628"}],"wp:term":[{"taxonomy":"category","embeddable":true,"href":"https:\/\/tvc16.com\/portal\/wp-json\/wp\/v2\/categories?post=53628"},{"taxonomy":"post_tag","embeddable":true,"href":"https:\/\/tvc16.com\/portal\/wp-json\/wp\/v2\/tags?post=53628"}],"curies":[{"name":"wp","href":"https:\/\/api.w.org\/{rel}","templated":true}]}}