{"id":53686,"date":"2023-02-17T10:18:40","date_gmt":"2023-02-17T13:18:40","guid":{"rendered":"https:\/\/tvc16.com\/portal\/?p=53686"},"modified":"2023-02-17T10:18:41","modified_gmt":"2023-02-17T13:18:41","slug":"dnit-nao-teria-condicoes-imediatas-de-assumir-a-br-040-aponta-stj","status":"publish","type":"post","link":"https:\/\/tvc16.com\/portal\/2023\/02\/17\/dnit-nao-teria-condicoes-imediatas-de-assumir-a-br-040-aponta-stj\/","title":{"rendered":"DNIT n\u00e3o teria condi\u00e7\u00f5es imediatas de assumir a BR-040, aponta STJ"},"content":{"rendered":"\n<p>O Departamento Nacional de Infraestrutura de Transportes (DNIT) n\u00e3o teria condi\u00e7\u00f5es imediatas de assumir o trecho da BR-040 entre o Rio de Janeiro e Juiz de Fora, hoje administrado pela Concer. \u00c9 o que aponta o Superior Tribunal de Justi\u00e7a, em decis\u00e3o na noite de quarta(15). Segundo o STJ, h\u00e1 um documento no processo sobre a quest\u00e3o da concess\u00e3o da rodovia em que o DNIT informa \u00e0 ANTT (Ag\u00eancia Nacional de Transportes Terrestres) a impossibilidade.<br>Com este documento em m\u00e3os e considerando a necessidade de continuidade do servi\u00e7o p\u00fablico, a Corte decidiu que a Concer deve continuar operando o trecho at\u00e9 a conclus\u00e3o da nova licita\u00e7\u00e3o ou a decis\u00e3o final do processo que tramita na Justi\u00e7a Federal, em que a empresa alega &#8220;desequil\u00edbrio econ\u00f4mico&#8221; do contrato.<br>Nesta semana, vereadores de Petr\u00f3polis j\u00e1 tinham comentado com a reportagem do Correio a preocupa\u00e7\u00e3o com o DNIT assumindo o trecho. L\u00e9o Fran\u00e7a (PSB) e o presidente da Casa Legislativa, J\u00fanior Coruja (PSD), questionaram se o departamento teria condi\u00e7\u00f5es de realizar os servi\u00e7os necess\u00e1rios na rodovia.<br>O contrato de concess\u00e3o da Concer terminaria nesta quarta (15) e o DNIT assumiria a rodovia. A empresa, no entanto, conseguiu uma liminar na Justi\u00e7a Federal para continuar operando o trecho.<br>Em nota, a Concer comentou que a decis\u00e3o do STJ \u00e9 clara ao negar recurso que pedia suspens\u00e3o das opera\u00e7\u00f5es da empresa.<br>O DNIT salientou que teria condi\u00e7\u00f5es de assumir servi\u00e7os de manuten\u00e7\u00e3o\/conserva\u00e7\u00e3o rotineira, guarda patrimonial e guincho.<br>A ANTT destacou que, com a decis\u00e3o, o Dnit n\u00e3o assumir\u00e1 a gest\u00e3o do trecho. Disse que o processo da nova concess\u00e3o encontra-se em fase avan\u00e7ada de an\u00e1lise pelo Tribunal de Contas (TCU).<br>O Minist\u00e9rio dos Transportes disse que n\u00e3o vai se manifestar.<\/p>\n\n\n\n<p><\/p>\n\n\n\n<p>Por Wellington Daniel<\/p>\n","protected":false},"excerpt":{"rendered":"<p>O Departamento Nacional de Infraestrutura de Transportes (DNIT) n\u00e3o teria condi\u00e7\u00f5es imediatas de assumir o<\/p>\n","protected":false},"author":2,"featured_media":40954,"comment_status":"open","ping_status":"open","sticky":false,"template":"","format":"standard","meta":{"footnotes":""},"categories":[12],"tags":[],"class_list":["post-53686","post","type-post","status-publish","format-standard","has-post-thumbnail","hentry","category-cidade"],"_links":{"self":[{"href":"https:\/\/tvc16.com\/portal\/wp-json\/wp\/v2\/posts\/53686","targetHints":{"allow":["GET"]}}],"collection":[{"href":"https:\/\/tvc16.com\/portal\/wp-json\/wp\/v2\/posts"}],"about":[{"href":"https:\/\/tvc16.com\/portal\/wp-json\/wp\/v2\/types\/post"}],"author":[{"embeddable":true,"href":"https:\/\/tvc16.com\/portal\/wp-json\/wp\/v2\/users\/2"}],"replies":[{"embeddable":true,"href":"https:\/\/tvc16.com\/portal\/wp-json\/wp\/v2\/comments?post=53686"}],"version-history":[{"count":2,"href":"https:\/\/tvc16.com\/portal\/wp-json\/wp\/v2\/posts\/53686\/revisions"}],"predecessor-version":[{"id":53695,"href":"https:\/\/tvc16.com\/portal\/wp-json\/wp\/v2\/posts\/53686\/revisions\/53695"}],"wp:featuredmedia":[{"embeddable":true,"href":"https:\/\/tvc16.com\/portal\/wp-json\/wp\/v2\/media\/40954"}],"wp:attachment":[{"href":"https:\/\/tvc16.com\/portal\/wp-json\/wp\/v2\/media?parent=53686"}],"wp:term":[{"taxonomy":"category","embeddable":true,"href":"https:\/\/tvc16.com\/portal\/wp-json\/wp\/v2\/categories?post=53686"},{"taxonomy":"post_tag","embeddable":true,"href":"https:\/\/tvc16.com\/portal\/wp-json\/wp\/v2\/tags?post=53686"}],"curies":[{"name":"wp","href":"https:\/\/api.w.org\/{rel}","templated":true}]}}