{"id":53696,"date":"2023-02-17T11:11:21","date_gmt":"2023-02-17T14:11:21","guid":{"rendered":"https:\/\/tvc16.com\/portal\/?p=53696"},"modified":"2023-02-17T11:11:52","modified_gmt":"2023-02-17T14:11:52","slug":"tere-alegria-em-familia-confira-as-alteracoes-no-transito-para-o-carnaval-2023","status":"publish","type":"post","link":"https:\/\/tvc16.com\/portal\/2023\/02\/17\/tere-alegria-em-familia-confira-as-alteracoes-no-transito-para-o-carnaval-2023\/","title":{"rendered":"\u2018Ter\u00ea Alegria em Fam\u00edlia\u2019: Confira as altera\u00e7\u00f5es no tr\u00e2nsito para o Carnaval 2023"},"content":{"rendered":"\n<p>O Carnaval \u2018Ter\u00ea Alegria em Fam\u00edlia\u2019 vai contar com&nbsp;desfile de blocos, shows e atividades infantis, que acontecer\u00e3o na Pra\u00e7a Ol\u00edmpica Lu\u00eds de Cam\u00f5es, na V\u00e1rzea, na Feirarte, a Feirinha do Alto, e na Pra\u00e7a Samuel de Paula Mac\u00e1rio, em Bonsucesso, no interior. J\u00e1 o \u2018Lupulando\u2019 \u2013 Festival Cervejeiro Teres\u00f3polis vai movimentar a Pra\u00e7a Nilo Pe\u00e7anha, no Alto, e regi\u00e3o. E para garantir a seguran\u00e7a de motoristas e pedestres, a Secretaria M. de Seguran\u00e7a P\u00fablica montou um esquema de tr\u00e2nsito no entorno dos locais onde a programa\u00e7\u00e3o acontece desta quinta (16) at\u00e9 a pr\u00f3xima ter\u00e7a (21). Agentes da Guarda Civil Municipal estar\u00e3o nos locais orientando os motoristas.<\/p>\n\n\n\n<p>Al\u00e9m do trabalho dos agentes da GCM, a Secretaria Municipal de Ci\u00eancia e Tecnologia, providenciou a inclus\u00e3o dos bloqueios no Waze for Cities. Assim, quem fizer os trajetos onde haver\u00e1 programa\u00e7\u00e3o de Carnaval utilizando o aplicativo ser\u00e1 automaticamente direcionado para a via alternativa mais r\u00e1pida. Para baixar a ferramenta no smartphone basta acessar o Play Store e digitar Waze (GPS e Tr\u00e2nsito ao vivo) e no Iphone acessar o App Store e buscar pelo aplicativo.<\/p>\n\n\n\n<p>&nbsp;<strong>Pra\u00e7a Ol\u00edmpica<\/strong><\/p>\n\n\n\n<p>A Rua Manoel Madruga, onde h\u00e1 o acesso \u00e0 Pra\u00e7a Ol\u00edmpica Lu\u00eds de Cam\u00f5es, no trecho entre o pr\u00e9dio do Seguran\u00e7a Presente e a ag\u00eancia do INSS, no centro da cidade, estar\u00e1 interditado, desta ter\u00e7a (14) at\u00e9 quinta (23), das 16h at\u00e9 \u00e0s 4h da manh\u00e3, para o tr\u00e2nsito de ve\u00edculos devido \u00e0 programa\u00e7\u00e3o do Carnaval \u2018Ter\u00ea Alegria em Fam\u00edlia\u2019, que acontecer\u00e1 no local. Moradores dos pr\u00e9dios no entorno ter\u00e3o acesso \u00e0s ruas onde residem.<\/p>\n\n\n\n<p>O Parque Regadas ter\u00e1 interdi\u00e7\u00f5es somente no hor\u00e1rio de passagem dos blocos.<\/p>\n\n\n\n<p><strong>Pra\u00e7a Nilo Pe\u00e7anha\/Ginda Bloch<\/strong><\/p>\n\n\n\n<p>A partir das 12h desta quinta-feira (15), a Rua Augusto Amaral Peixoto (no quarteir\u00e3o no entorno da Pra\u00e7a Ginda Bloch), no Alto, estar\u00e1 interditada para estacionamento e passagem de ve\u00edculos, devido \u00e0 montagem do \u2018Lupulando\u2019, evento que acontece de s\u00e1bado (18) at\u00e9 ter\u00e7a (21), das 13h \u00e0 meia-noite, na Pra\u00e7a Nilo Pe\u00e7anha, a da escola Ginda Bloch.&nbsp;A interdi\u00e7\u00e3o ser\u00e1 mantida at\u00e9 quarta-feira (22), \u00e0s 12h.<\/p>\n","protected":false},"excerpt":{"rendered":"<p>O Carnaval \u2018Ter\u00ea Alegria em Fam\u00edlia\u2019 vai contar com&nbsp;desfile de blocos, shows e atividades infantis,<\/p>\n","protected":false},"author":2,"featured_media":20267,"comment_status":"open","ping_status":"open","sticky":false,"template":"","format":"standard","meta":{"footnotes":""},"categories":[17],"tags":[],"class_list":["post-53696","post","type-post","status-publish","format-standard","has-post-thumbnail","hentry","category-outras-noticias"],"_links":{"self":[{"href":"https:\/\/tvc16.com\/portal\/wp-json\/wp\/v2\/posts\/53696","targetHints":{"allow":["GET"]}}],"collection":[{"href":"https:\/\/tvc16.com\/portal\/wp-json\/wp\/v2\/posts"}],"about":[{"href":"https:\/\/tvc16.com\/portal\/wp-json\/wp\/v2\/types\/post"}],"author":[{"embeddable":true,"href":"https:\/\/tvc16.com\/portal\/wp-json\/wp\/v2\/users\/2"}],"replies":[{"embeddable":true,"href":"https:\/\/tvc16.com\/portal\/wp-json\/wp\/v2\/comments?post=53696"}],"version-history":[{"count":1,"href":"https:\/\/tvc16.com\/portal\/wp-json\/wp\/v2\/posts\/53696\/revisions"}],"predecessor-version":[{"id":53697,"href":"https:\/\/tvc16.com\/portal\/wp-json\/wp\/v2\/posts\/53696\/revisions\/53697"}],"wp:featuredmedia":[{"embeddable":true,"href":"https:\/\/tvc16.com\/portal\/wp-json\/wp\/v2\/media\/20267"}],"wp:attachment":[{"href":"https:\/\/tvc16.com\/portal\/wp-json\/wp\/v2\/media?parent=53696"}],"wp:term":[{"taxonomy":"category","embeddable":true,"href":"https:\/\/tvc16.com\/portal\/wp-json\/wp\/v2\/categories?post=53696"},{"taxonomy":"post_tag","embeddable":true,"href":"https:\/\/tvc16.com\/portal\/wp-json\/wp\/v2\/tags?post=53696"}],"curies":[{"name":"wp","href":"https:\/\/api.w.org\/{rel}","templated":true}]}}