{"id":53698,"date":"2023-02-17T11:14:00","date_gmt":"2023-02-17T14:14:00","guid":{"rendered":"https:\/\/tvc16.com\/portal\/?p=53698"},"modified":"2023-02-17T11:14:01","modified_gmt":"2023-02-17T14:14:01","slug":"programa-emprega-tere-teresopolis-tem-99-vagas-de-emprego-ate-24-de-fevereiro","status":"publish","type":"post","link":"https:\/\/tvc16.com\/portal\/2023\/02\/17\/programa-emprega-tere-teresopolis-tem-99-vagas-de-emprego-ate-24-de-fevereiro\/","title":{"rendered":"Programa \u2018Emprega Ter\u00ea\u2019: Teres\u00f3polis tem 99 vagas de emprego at\u00e9 24 de fevereiro"},"content":{"rendered":"\n<p>At\u00e9 o dia 24 de fevereiro, o Programa \u2018Emprega Ter\u00ea\u2019 oferece 99 vagas de emprego para quem quer ingressar no mercado de trabalho. S\u00e3o 71 vagas para trabalhadores com experi\u00eancia, 20 oportunidades para candidatos sem experi\u00eancia e 08 vagas para pessoa com defici\u00eancia (PcD).<\/p>\n\n\n\n<p>O atendimento presencial segue at\u00e9 esta sexta, 17\/02, no SINE Teres\u00f3polis, no 1\u00ba piso da Prefeitura (Av. Feliciano Sodr\u00e9, 675), na V\u00e1rzea, de 9h \u00e0s 17h, e na Casa do Trabalhador (Rua Luiz Noguet Jr, 100), no bairro de S\u00e3o Pedro, de 9h as 12h e de 13h as 18h.<\/p>\n\n\n\n<p>Devido ao Carnaval, o expediente ser\u00e1 retomado na quarta, 22\/02, a partir de 12h, seguindo at\u00e9 sexta, 24\/02, nos hor\u00e1rios normais.<\/p>\n\n\n\n<p>Os interessados devem ter em m\u00e3os RG, CPF, n\u00famero do PIS (se n\u00e3o houver o cadastro \u00e9 gerado na hora) e a carteira de trabalho (se n\u00e3o tiver \u00e9 poss\u00edvel solicitar pelo Portal Emprega Ter\u00ea). S\u00e3o cadastradas experi\u00eancias anteriores, qualifica\u00e7\u00e3o profissional e \u00e1reas de interesse.<\/p>\n\n\n\n<p>Todos os servi\u00e7os do SINE Teres\u00f3polis, tais como cadastro de curr\u00edculo, acesso a carteira de trabalho e seguro-desemprego, podem ser acessados no Portal do Trabalhador \u2013&nbsp;<a href=\"https:\/\/www.teresopolis.rj.gov.br\/portal-do-trabalhador\">www.teresopolis.rj.gov.br\/portal-do-trabalhador<\/a>.<\/p>\n\n\n\n<p>A capta\u00e7\u00e3o e divulga\u00e7\u00e3o das oportunidades de emprego s\u00e3o a\u00e7\u00f5es do \u2018Pra Cima Ter\u00ea\u2019 \u2013 Programa de Fortalecimento Econ\u00f4mico e Gera\u00e7\u00e3o de Empregos de Teres\u00f3polis, liderado pelo Gabinete de Crise da Prefeitura junto \u00e0s organiza\u00e7\u00f5es empresariais Teres\u00f3polis Convention, ACIAT, CDL, Sincom\u00e9rcio, Firjan, Sindicato Rural e o Conselho Municipal de Trabalho, Emprego e Renda.<\/p>\n","protected":false},"excerpt":{"rendered":"<p>At\u00e9 o dia 24 de fevereiro, o Programa \u2018Emprega Ter\u00ea\u2019 oferece 99 vagas de emprego<\/p>\n","protected":false},"author":2,"featured_media":53699,"comment_status":"open","ping_status":"open","sticky":false,"template":"","format":"standard","meta":{"footnotes":""},"categories":[17],"tags":[],"class_list":["post-53698","post","type-post","status-publish","format-standard","has-post-thumbnail","hentry","category-outras-noticias"],"_links":{"self":[{"href":"https:\/\/tvc16.com\/portal\/wp-json\/wp\/v2\/posts\/53698","targetHints":{"allow":["GET"]}}],"collection":[{"href":"https:\/\/tvc16.com\/portal\/wp-json\/wp\/v2\/posts"}],"about":[{"href":"https:\/\/tvc16.com\/portal\/wp-json\/wp\/v2\/types\/post"}],"author":[{"embeddable":true,"href":"https:\/\/tvc16.com\/portal\/wp-json\/wp\/v2\/users\/2"}],"replies":[{"embeddable":true,"href":"https:\/\/tvc16.com\/portal\/wp-json\/wp\/v2\/comments?post=53698"}],"version-history":[{"count":1,"href":"https:\/\/tvc16.com\/portal\/wp-json\/wp\/v2\/posts\/53698\/revisions"}],"predecessor-version":[{"id":53700,"href":"https:\/\/tvc16.com\/portal\/wp-json\/wp\/v2\/posts\/53698\/revisions\/53700"}],"wp:featuredmedia":[{"embeddable":true,"href":"https:\/\/tvc16.com\/portal\/wp-json\/wp\/v2\/media\/53699"}],"wp:attachment":[{"href":"https:\/\/tvc16.com\/portal\/wp-json\/wp\/v2\/media?parent=53698"}],"wp:term":[{"taxonomy":"category","embeddable":true,"href":"https:\/\/tvc16.com\/portal\/wp-json\/wp\/v2\/categories?post=53698"},{"taxonomy":"post_tag","embeddable":true,"href":"https:\/\/tvc16.com\/portal\/wp-json\/wp\/v2\/tags?post=53698"}],"curies":[{"name":"wp","href":"https:\/\/api.w.org\/{rel}","templated":true}]}}