{"id":537,"date":"2020-09-16T12:49:41","date_gmt":"2020-09-16T12:49:41","guid":{"rendered":"https:\/\/tvc16.com\/portal\/?p=537"},"modified":"2020-09-16T12:49:41","modified_gmt":"2020-09-16T12:49:41","slug":"termina-hoje-prazo-para-partidos-definirem-candidatos-as-eleicoes","status":"publish","type":"post","link":"https:\/\/tvc16.com\/portal\/2020\/09\/16\/termina-hoje-prazo-para-partidos-definirem-candidatos-as-eleicoes\/","title":{"rendered":"Termina hoje prazo para partidos definirem candidatos \u00e0s elei\u00e7\u00f5es"},"content":{"rendered":"\n<p>TSE espera receber mais de 700 mil registros de candidaturas<\/p>\n\n\n\n<p>O Tribunal Superior Eleitoral (TSE) informou que termina hoje (16) o prazo para os partidos realizarem suas conven\u00e7\u00f5es internas para escolherem os candidatos que v\u00e3o disputar os cargos de prefeito, vice-prefeito e vereadores nas elei\u00e7\u00f5es municipais de novembro. A Justi\u00e7a Eleitoral espera receber mais de 700 mil registros de candidaturas no pleito deste ano.<\/p>\n\n\n\n<p>O prazo est\u00e1 previsto na Lei das Elei\u00e7\u00f5es e deveria ter sido encerrado em agosto. No entanto, o per\u00edodo das conven\u00e7\u00f5es foi prorrogado por 42 dias devido ao adiamento das datas do calend\u00e1rio eleitoral em fun\u00e7\u00e3o da pandemia da covid-19.<\/p>\n\n\n\n<p>O Congresso adiou o primeiro turno das elei\u00e7\u00f5es deste ano de 4 de outubro para 15 de novembro. O segundo turno, que seria em 25 de outubro, foi marcado para 29 de novembro.<\/p>\n\n\n\n<p>O registro dos candidatos escolhidos pelas legendas dever\u00e1 ser feito at\u00e9 26 de setembro na Justi\u00e7a Eleitoral dos estados.<\/p>\n\n\n\n<p>A \u00edntegra do calend\u00e1rio eleitoral pode ser acessada no site do TSE.<\/p>\n\n\n\n<p>Protocolo de sa\u00fade<\/p>\n\n\n\n<p>Na semana passada, o TSE definiu o protocolo sanit\u00e1rio com medidas preventivas para eleitores e mes\u00e1rios que v\u00e3o trabalhar no pleito. Os eleitores s\u00f3 poder\u00e3o para entrar nos locais de vota\u00e7\u00e3o se estiverem usando m\u00e1scaras faciais e dever\u00e3o higienizar as m\u00e3os com \u00e1lcool em gel antes e depois de votar. A dist\u00e2ncia de um metro entre as demais pessoas tamb\u00e9m dever\u00e1 ser mantida. O TSE recomenda ainda que o eleitor leve sua pr\u00f3pria caneta para assinar o caderno de vota\u00e7\u00e3o.<\/p>\n\n\n\n<p>Eleitores e mes\u00e1rios que estiverem com sintomas da covid-19 n\u00e3o devem comparecer ao local de vota\u00e7\u00e3o. Posteriormente, a aus\u00eancia poder\u00e1 ser justificada na Justi\u00e7a Eleitoral. Cartazes ilustrativos com o passo a passo da vota\u00e7\u00e3o ser\u00e3o divulgados nas se\u00e7\u00f5es eleitorais para orientar os eleitores.<\/p>\n\n\n\n<p>Por Andr\u00e9 Richter &#8211; Rep\u00f3rter da Ag\u00eancia Brasil &#8211; Bras\u00edlia<\/p>\n\n\n\n<p>Edi\u00e7\u00e3o: Maria Claudia<\/p>\n","protected":false},"excerpt":{"rendered":"<p>TSE espera receber mais de 700 mil registros de candidaturas O Tribunal Superior Eleitoral (TSE)<\/p>\n","protected":false},"author":2,"featured_media":538,"comment_status":"open","ping_status":"open","sticky":false,"template":"","format":"standard","meta":{"footnotes":""},"categories":[15],"tags":[],"class_list":["post-537","post","type-post","status-publish","format-standard","has-post-thumbnail","hentry","category-politica"],"_links":{"self":[{"href":"https:\/\/tvc16.com\/portal\/wp-json\/wp\/v2\/posts\/537","targetHints":{"allow":["GET"]}}],"collection":[{"href":"https:\/\/tvc16.com\/portal\/wp-json\/wp\/v2\/posts"}],"about":[{"href":"https:\/\/tvc16.com\/portal\/wp-json\/wp\/v2\/types\/post"}],"author":[{"embeddable":true,"href":"https:\/\/tvc16.com\/portal\/wp-json\/wp\/v2\/users\/2"}],"replies":[{"embeddable":true,"href":"https:\/\/tvc16.com\/portal\/wp-json\/wp\/v2\/comments?post=537"}],"version-history":[{"count":1,"href":"https:\/\/tvc16.com\/portal\/wp-json\/wp\/v2\/posts\/537\/revisions"}],"predecessor-version":[{"id":539,"href":"https:\/\/tvc16.com\/portal\/wp-json\/wp\/v2\/posts\/537\/revisions\/539"}],"wp:featuredmedia":[{"embeddable":true,"href":"https:\/\/tvc16.com\/portal\/wp-json\/wp\/v2\/media\/538"}],"wp:attachment":[{"href":"https:\/\/tvc16.com\/portal\/wp-json\/wp\/v2\/media?parent=537"}],"wp:term":[{"taxonomy":"category","embeddable":true,"href":"https:\/\/tvc16.com\/portal\/wp-json\/wp\/v2\/categories?post=537"},{"taxonomy":"post_tag","embeddable":true,"href":"https:\/\/tvc16.com\/portal\/wp-json\/wp\/v2\/tags?post=537"}],"curies":[{"name":"wp","href":"https:\/\/api.w.org\/{rel}","templated":true}]}}