{"id":53704,"date":"2023-02-17T12:55:47","date_gmt":"2023-02-17T15:55:47","guid":{"rendered":"https:\/\/tvc16.com\/portal\/?p=53704"},"modified":"2023-02-17T12:55:48","modified_gmt":"2023-02-17T15:55:48","slug":"rio-open-comeca-o-maior-evento-de-tenis-da-america-do-sul-no-rio-de-janeiro","status":"publish","type":"post","link":"https:\/\/tvc16.com\/portal\/2023\/02\/17\/rio-open-comeca-o-maior-evento-de-tenis-da-america-do-sul-no-rio-de-janeiro\/","title":{"rendered":"Rio Open: come\u00e7a o maior evento de t\u00eanis da Am\u00e9rica do Sul, no Rio de Janeiro"},"content":{"rendered":"\n<p>Neste s\u00e1bado (18), ter\u00e1 in\u00edcio um dos maiores eventos do calend\u00e1rio esportivo do estado: o Rio Open chega \u00e0 nona edi\u00e7\u00e3o com estrelas do t\u00eanis mundial na disputa, entre elas, o espanhol Carlos Alcaraz, n\u00famero dois do mundo. Realizado no Jockey Clube Brasileiro, na G\u00e1vea, a competi\u00e7\u00e3o ter\u00e1 um espa\u00e7o exclusivo do Governo do Estado, que \u00e9 parceiro da iniciativa com investimentos de R$13.8 milh\u00f5es via Lei de Incentivo ao Esporte, por meio da Secretaria de Esporte e Lazer e da empresa Claro.<br>Para o governador Cl\u00e1udio Castro, a realiza\u00e7\u00e3o do maior torneio de t\u00eanis da Am\u00e9rica do Sul \u2013 e \u00fanico da ATP no Brasil \u2013 comprova o perfil do Rio para sediar os grandes eventos esportivos.<br>\u2013 O estado do Rio \u00e9 vocacionado ao esporte e eventos como esse sinalizam a retomada da nossa credibilidade para receber grandes eventos esportivos. S\u00e3o iniciativas como essa que trazem um ciclo virtuoso para a nossa economia, turismo e desenvolvimento do esporte. A competi\u00e7\u00e3o ainda acontece no per\u00edodo do Carnaval, fomentando ainda mais o movimento no nosso estado. Sejam todos bem-vindos! \u2013 ressaltou o governador Cl\u00e1udio Castro.<br>O secret\u00e1rio estadual de Esporte e Lazer, Rafael Picciani, refor\u00e7a a import\u00e2ncia da Lei de Incentivo ao Esporte e destaca que al\u00e9m de ajudar o Rio de Janeiro a se consolidar como palco de grandes competi\u00e7\u00f5es esportivas, promove ainda diversos setores da sociedade por meio das contrapartidas sociais previstas na legisla\u00e7\u00e3o.<br>\u2013 A Lei de Incentivo \u00e9 um instrumento fant\u00e1stico que o governo do Rio disponibiliza porque permite a viabilidade de grandes eventos e garante a fixa\u00e7\u00e3o social das a\u00e7\u00f5es geradas. O Rio de Janeiro tem a parceria com o Rio Open por meio dessa lei desde a sua primeira edi\u00e7\u00e3o e o legado deixado pelo evento ao longo desses dez anos \u00e9 enorme \u2013 afirmou o secret\u00e1rio.<br>S\u00e3o esperadas cerca de 60 mil pessoas durante os nove dias de competi\u00e7\u00f5es, do dia 18 ao dia 26. Al\u00e9m de assistirem a grandes atletas estrangeiros, os torcedores brasileiros ter\u00e3o a oportunidade de assistir os \u00faltimos lances do paulista Thomaz Bellucci, que j\u00e1 anunciou que a competi\u00e7\u00e3o marcar\u00e1 sua despedida do t\u00eanis profissional.<br>No primeiro fim de semana (dias 18 e 19), acontece a disputa do Qualifying. J\u00e1 a partir de segunda-feira, dia 20, tem in\u00edcio a chave principal do torneio, com o grande campe\u00e3o sendo conhecido no domingo, dia 26.<br><strong>Solidariedade em jogo<\/strong><br>Localizado na parte batizada de Leblon Boulevard, o espa\u00e7o exclusivo do Governo do Estado conta com uma \u00e1rea de conveni\u00eancia onde os visitantes poder\u00e3o viver a experi\u00eancia de uma partida de t\u00eanis virtual atrav\u00e9s de jogos eletr\u00f4nicos. No local tamb\u00e9m ser\u00e1 promovida a campanha \u201cChuva de Solidariedade\u201d, do RioSolidario, em prol das v\u00edtimas das chuvas, com coleta de alimentos n\u00e3o perec\u00edveis, \u00e1gua mineral, materiais de limpeza e higiene pessoal. Toda arrecada\u00e7\u00e3o ser\u00e1 destinada para mais de 1.300 organiza\u00e7\u00f5es cadastradas que realizam um trabalho junto a fam\u00edlias em situa\u00e7\u00e3o de vulnerabilidade social em todo o estado.<\/p>\n\n\n\n<p><strong>Torneio Winners abre o evento e d\u00e1 oportunidade a atletas de projetos sociais<\/strong><br><br>Desde a primeira edi\u00e7\u00e3o, em 2014, o Rio Open apoia iniciativas sociais e acredita no poder transformador atrav\u00e9s do esporte. O Torneio Winners, que teve in\u00edcio no dia 15 e vai at\u00e9 o dia 19, \u00e9 voltado especialmente para crian\u00e7as e jovens que frequentam os projetos Escolinha Fabiano de Paula, Futuro Bom e T\u00eanis na Lagoa, todos parceiros da competi\u00e7\u00e3o, al\u00e9m do N\u00facleo Esportivo Rio Open.<br>Os participantes tamb\u00e9m ganham ingressos para assistir \u00e0s partidas do Rio Open, e alguns deles v\u00e3o fazer parte da equipe de Ball Kids, os famosos &#8220;boleiros\u201d. Grandes nomes do esporte, como o su\u00ed\u00e7o Roger Federer e o canadense Denis Shapovalov, j\u00e1 foram boleiros quando crian\u00e7a.<br>Al\u00e9m disso, 16 jovens dos projetos ser\u00e3o treinados para atuar nas \u00e1reas de Controle de acessos, Alimenta\u00e7\u00e3o e Bebidas, Entretenimento, Tecnologia, Vesti\u00e1rio, Log\u00edstica e Merchandising do Rio Open 2023.<br><strong>Favela no saibro<\/strong><br>Nesta edi\u00e7\u00e3o, al\u00e9m dos projetos sociais j\u00e1 contemplados por meio da Lei de Incentivo, jovens do Complexo do Alem\u00e3o ter\u00e3o a oportunidade de assistir, pela primeira vez, a uma disputa internacional de t\u00eanis. Mais de 40 alunos do projeto Favela T\u00eanis v\u00e3o receber, por meio da Secretaria de Esporte e Lazer e pela Suderj, convites para o evento.<br>S\u00e3o jovens de 9 a 23 anos que t\u00eam aulas de t\u00eanis e de franc\u00eas, por uma iniciativa que acredita que a ocupa\u00e7\u00e3o dos espa\u00e7os e a garantia das oportunidades vai al\u00e9m da pr\u00e1tica esportiva. O projeto leva seus alunos a conhecerem lugares fora da comunidade, visto que na maioria dos casos, s\u00e3o jovens que nunca tiveram a oportunidade de ocupar outros espa\u00e7os.<br>\u2013 Uma vez n\u00f3s levamos alguns alunos para treinar na quadra da Lagoa Rodrigo de Freitas e um deles, que j\u00e1 tinha 17 anos, achou que n\u00f3s est\u00e1vamos em Madureira. N\u00f3s queremos que todos possam conhecer o lugar onde vivem, que possam expandir os horizontes e sonhar grande. O esporte \u00e9 uma ferramenta para abrir mais portas e ir mais longe \u2013 Disse Ruan Melo, idealizador do projeto.<\/p>\n\n\n\n<p><strong>SERVI\u00c7O<\/strong><\/p>\n\n\n\n<p>Evento: Rio Open<\/p>\n\n\n\n<p>Local: Jockey Club Brasileiro &#8211; Rua M\u00e1rio Ribeiro, 410 &#8211; Lagoa, Rio de Janeiro<br><strong>Torneio Winners:<\/strong><\/p>\n\n\n\n<p>15\/02 \u2013 8h \u00e0s 13h<\/p>\n\n\n\n<p>16\/02 \u2013 8h \u00e0s 12h<\/p>\n\n\n\n<p>17\/02 \u2013 8h \u00e0s 11h<\/p>\n\n\n\n<p>20\/02 \u2013 finais \u2013 10h<\/p>\n\n\n\n<p><strong>Treinamento de boleiros:<\/strong><br>15 a 17\/02 &#8211; 15h \u00e0s 17h<\/p>\n\n\n\n<p><strong>Rio Open 2023 &#8211; 18 a 26 de fevereiro<\/strong><\/p>\n\n\n\n<p><br>18 e 19 &#8211; Qualifying &#8211; sess\u00e3o \u00fanica 16h \u2013 abertura dos port\u00f5es \u00e0s 15h<\/p>\n\n\n\n<p>20 a 23 &#8211; 1\u00aa e 2\u00aa rodadas &#8211; duas sess\u00f5es 16h30 e 19h \u2013 abertura dos port\u00f5es \u00e0s 15h<\/p>\n\n\n\n<p>24 &#8211; Quartas de finais &#8211; sess\u00e3o \u00fanica 16h \u2013 abertura dos port\u00f5es \u00e0s 15h<\/p>\n\n\n\n<p>25 &#8211; Semifinais e final de duplas &#8211; sess\u00e3o \u00fanica 17h \u2013 abertura dos port\u00f5es \u00e0s 15h<\/p>\n\n\n\n<p>26 &#8211; Final &#8211; sess\u00e3o \u00fanica 17h30 \u2013 abertura dos port\u00f5es \u00e0s 15h<\/p>\n\n\n\n<p><strong>Assessoria de Comunica\u00e7\u00e3o SEEL<\/strong><\/p>\n\n\n\n<p>Gabriel Badar\u00f3 &#8211; (21) 98162-3202<\/p>\n\n\n\n<p>Silvia Knapp &#8211; (21) 99868-6904<\/p>\n\n\n\n<p>Fylipe Telheiro &#8211; (21) 97127-1337<\/p>\n\n\n\n<p>Eduarda Araujo &#8211; (21) 99115-1120<\/p>\n","protected":false},"excerpt":{"rendered":"<p>Neste s\u00e1bado (18), ter\u00e1 in\u00edcio um dos maiores eventos do calend\u00e1rio esportivo do estado: o<\/p>\n","protected":false},"author":2,"featured_media":53705,"comment_status":"open","ping_status":"open","sticky":false,"template":"","format":"standard","meta":{"footnotes":""},"categories":[17],"tags":[],"class_list":["post-53704","post","type-post","status-publish","format-standard","has-post-thumbnail","hentry","category-outras-noticias"],"_links":{"self":[{"href":"https:\/\/tvc16.com\/portal\/wp-json\/wp\/v2\/posts\/53704","targetHints":{"allow":["GET"]}}],"collection":[{"href":"https:\/\/tvc16.com\/portal\/wp-json\/wp\/v2\/posts"}],"about":[{"href":"https:\/\/tvc16.com\/portal\/wp-json\/wp\/v2\/types\/post"}],"author":[{"embeddable":true,"href":"https:\/\/tvc16.com\/portal\/wp-json\/wp\/v2\/users\/2"}],"replies":[{"embeddable":true,"href":"https:\/\/tvc16.com\/portal\/wp-json\/wp\/v2\/comments?post=53704"}],"version-history":[{"count":1,"href":"https:\/\/tvc16.com\/portal\/wp-json\/wp\/v2\/posts\/53704\/revisions"}],"predecessor-version":[{"id":53706,"href":"https:\/\/tvc16.com\/portal\/wp-json\/wp\/v2\/posts\/53704\/revisions\/53706"}],"wp:featuredmedia":[{"embeddable":true,"href":"https:\/\/tvc16.com\/portal\/wp-json\/wp\/v2\/media\/53705"}],"wp:attachment":[{"href":"https:\/\/tvc16.com\/portal\/wp-json\/wp\/v2\/media?parent=53704"}],"wp:term":[{"taxonomy":"category","embeddable":true,"href":"https:\/\/tvc16.com\/portal\/wp-json\/wp\/v2\/categories?post=53704"},{"taxonomy":"post_tag","embeddable":true,"href":"https:\/\/tvc16.com\/portal\/wp-json\/wp\/v2\/tags?post=53704"}],"curies":[{"name":"wp","href":"https:\/\/api.w.org\/{rel}","templated":true}]}}