{"id":53707,"date":"2023-02-17T13:09:04","date_gmt":"2023-02-17T16:09:04","guid":{"rendered":"https:\/\/tvc16.com\/portal\/?p=53707"},"modified":"2023-02-17T13:09:05","modified_gmt":"2023-02-17T16:09:05","slug":"justica-adia-decisao-e-so-define-futuro-de-daniel-alves-na-semana-que-vem","status":"publish","type":"post","link":"https:\/\/tvc16.com\/portal\/2023\/02\/17\/justica-adia-decisao-e-so-define-futuro-de-daniel-alves-na-semana-que-vem\/","title":{"rendered":"Justi\u00e7a adia decis\u00e3o e s\u00f3 define futuro de Daniel Alves na semana que vem"},"content":{"rendered":"\n<p>Audi\u00eancia Provincial de Barcelona adiou para a semana que vem a decis\u00e3o sobre o futuro de Daniel Alves -se o brasileiro continuar\u00e1 em pris\u00e3o provis\u00f3ria ou se aguardar\u00e1 em liberdade pelo julgamento do processo em que \u00e9 acusado de agress\u00e3o sexual.<br>A decis\u00e3o de estender o tempo de avalia\u00e7\u00e3o do recurso apresentado pela defesa n\u00e3o foi justificada ou comunicada oficialmente, mas fontes judiciais com acesso ao processo revelaram ao UOL que um parecer est\u00e1 previsto para ter\u00e7a-feira.<br>Esperava-se que uma decis\u00e3o fosse divulgada ainda na quinta-feira (16), mas a programa\u00e7\u00e3o da Sala 3 da Audi\u00eancia previa o julgamento de outros casos, o que tornou invi\u00e1vel um parecer imediato. Depois, esperava-se que a conclus\u00e3o da an\u00e1lise do recurso da defesa acontecesse nesta sexta (17), mas os membros da mesa pediram mais tempo para avaliar o caso.<br>Foram \u00e0 Audi\u00eancia Provincial na quinta-feira os advogados de Daniel Alves, da denunciante e a procuradora do Minist\u00e9rio P\u00fablico Espanhol. O jogador n\u00e3o estava convocado para comparecer. Os membros da Audi\u00eancia avaliam se o recurso da defesa, que pede a sa\u00edda do brasileiro da pris\u00e3o, ser\u00e1 aceito ou negado.<br>Daniel Alves est\u00e1 em pris\u00e3o provis\u00f3ria desde 20 de janeiro no complexo penitenci\u00e1rio de Brians, a cerca de 40km de Barcelona. Ele \u00e9 acusado por uma mulher de 23 anos, que afirma ter sido estuprada na noite de 30 de dezembro, no banheiro de uma \u00e1rea VIP da discoteca Sutton, na capital catal\u00e3.<br>BASTIDORES DA AUDI\u00caNCIA<br>O encontro entre a defesa de Daniel Alves, a advogada da denunciante e a procuradora do Minist\u00e9rio P\u00fablico Espanhol com os magistrados da Sala 3 da Audi\u00eancia tinha como objetivo permitir que as partes apresentassem os argumentos a favor e contra a libera\u00e7\u00e3o do jogador. Na semana passada, o recurso da defesa foi entregue \u00e0 Sala, assim como as contesta\u00e7\u00f5es da acusa\u00e7\u00e3o.<br>No entanto, o advogado Crist\u00f3bal Martell aproveitou o tempo que tinha para rebater novamente a vers\u00e3o da v\u00edtima -como j\u00e1 havia feito no recurso. Em sua interven\u00e7\u00e3o, o advogado mudou a vers\u00e3o dada pelo jogador at\u00e9 agora, afirmando que houve uma rela\u00e7\u00e3o sexual com penetra\u00e7\u00e3o e consentida.<br>A advogada da denunciante, Ester Garc\u00eda L\u00f3pez, usou seu tempo na Audi\u00eancia para argumentar que, mesmo com todas as medidas cautelares que Daniel Alves diz estar disposto a adotar, o risco de fuga da Espanha persiste.<br>&#8220;Como acusa\u00e7\u00e3o particular, mantivemos a mesma posi\u00e7\u00e3o que tivemos na contesta\u00e7\u00e3o ao recurso: entendemos que ele deve ficar preso sem fian\u00e7a. O risco de fuga continua elevado e n\u00e3o faz nem um m\u00eas que ele est\u00e1 na pris\u00e3o&#8221;, disse a advogada em uma breve conversa com jornalistas na sa\u00edda da Audi\u00eancia.<a href=\"javascript:void(0);\"><\/a><\/p>\n\n\n\n<p>A Audi\u00eancia Provincial de Barcelona adiou para a semana que vem a decis\u00e3o sobre o futuro de Daniel Alves -se o brasileiro continuar\u00e1 em pris\u00e3o provis\u00f3ria ou se aguardar\u00e1 em liberdade pelo julgamento do processo em que \u00e9 acusado de agress\u00e3o sexual.<br>A decis\u00e3o de estender o tempo de avalia\u00e7\u00e3o do recurso apresentado pela defesa n\u00e3o foi justificada ou comunicada oficialmente, mas fontes judiciais com acesso ao processo revelaram ao UOL que um parecer est\u00e1 previsto para ter\u00e7a-feira.<br>Esperava-se que uma decis\u00e3o fosse divulgada ainda na quinta-feira (16), mas a programa\u00e7\u00e3o da Sala 3 da Audi\u00eancia previa o julgamento de outros casos, o que tornou invi\u00e1vel um parecer imediato. Depois, esperava-se que a conclus\u00e3o da an\u00e1lise do recurso da defesa acontecesse nesta sexta (17), mas os membros da mesa pediram mais tempo para avaliar o caso.<br>Foram \u00e0 Audi\u00eancia Provincial na quinta-feira os advogados de Daniel Alves, da denunciante e a procuradora do Minist\u00e9rio P\u00fablico Espanhol. O jogador n\u00e3o estava convocado para comparecer. Os membros da Audi\u00eancia avaliam se o recurso da defesa, que pede a sa\u00edda do brasileiro da pris\u00e3o, ser\u00e1 aceito ou negado.<br>Daniel Alves est\u00e1 em pris\u00e3o provis\u00f3ria desde 20 de janeiro no complexo penitenci\u00e1rio de Brians, a cerca de 40km de Barcelona. Ele \u00e9 acusado por uma mulher de 23 anos, que afirma ter sido estuprada na noite de 30 de dezembro, no banheiro de uma \u00e1rea VIP da discoteca Sutton, na capital catal\u00e3.<br>BASTIDORES DA AUDI\u00caNCIA<br>O encontro entre a defesa de Daniel Alves, a advogada da denunciante e a procuradora do Minist\u00e9rio P\u00fablico Espanhol com os magistrados da Sala 3 da Audi\u00eancia tinha como objetivo permitir que as partes apresentassem os argumentos a favor e contra a libera\u00e7\u00e3o do jogador. Na semana passada, o recurso da defesa foi entregue \u00e0 Sala, assim como as contesta\u00e7\u00f5es da acusa\u00e7\u00e3o.<br>No entanto, o advogado Crist\u00f3bal Martell aproveitou o tempo que tinha para rebater novamente a vers\u00e3o da v\u00edtima -como j\u00e1 havia feito no recurso. Em sua interven\u00e7\u00e3o, o advogado mudou a vers\u00e3o dada pelo jogador at\u00e9 agora, afirmando que houve uma rela\u00e7\u00e3o sexual com penetra\u00e7\u00e3o e consentida.<br>A advogada da denunciante, Ester Garc\u00eda L\u00f3pez, usou seu tempo na Audi\u00eancia para argumentar que, mesmo com todas as medidas cautelares que Daniel Alves diz estar disposto a adotar, o risco de fuga da Espanha persiste.<br>&#8220;Como acusa\u00e7\u00e3o particular, mantivemos a mesma posi\u00e7\u00e3o que tivemos na contesta\u00e7\u00e3o ao recurso: entendemos que ele deve ficar preso sem fian\u00e7a. O risco de fuga continua elevado e n\u00e3o faz nem um m\u00eas que ele est\u00e1 na pris\u00e3o&#8221;, disse a advogada em uma breve conversa com jornalistas na sa\u00edda da Audi\u00eancia.<\/p>\n\n\n\n<p><\/p>\n\n\n\n<p>Por TALYTA VESPA E THIAGO ARANTES (UOL-FOLHAPRESS) &#8211;<\/p>\n","protected":false},"excerpt":{"rendered":"<p>Audi\u00eancia Provincial de Barcelona adiou para a semana que vem a decis\u00e3o sobre o futuro<\/p>\n","protected":false},"author":2,"featured_media":53708,"comment_status":"open","ping_status":"open","sticky":false,"template":"","format":"standard","meta":{"footnotes":""},"categories":[17],"tags":[],"class_list":["post-53707","post","type-post","status-publish","format-standard","has-post-thumbnail","hentry","category-outras-noticias"],"_links":{"self":[{"href":"https:\/\/tvc16.com\/portal\/wp-json\/wp\/v2\/posts\/53707","targetHints":{"allow":["GET"]}}],"collection":[{"href":"https:\/\/tvc16.com\/portal\/wp-json\/wp\/v2\/posts"}],"about":[{"href":"https:\/\/tvc16.com\/portal\/wp-json\/wp\/v2\/types\/post"}],"author":[{"embeddable":true,"href":"https:\/\/tvc16.com\/portal\/wp-json\/wp\/v2\/users\/2"}],"replies":[{"embeddable":true,"href":"https:\/\/tvc16.com\/portal\/wp-json\/wp\/v2\/comments?post=53707"}],"version-history":[{"count":1,"href":"https:\/\/tvc16.com\/portal\/wp-json\/wp\/v2\/posts\/53707\/revisions"}],"predecessor-version":[{"id":53709,"href":"https:\/\/tvc16.com\/portal\/wp-json\/wp\/v2\/posts\/53707\/revisions\/53709"}],"wp:featuredmedia":[{"embeddable":true,"href":"https:\/\/tvc16.com\/portal\/wp-json\/wp\/v2\/media\/53708"}],"wp:attachment":[{"href":"https:\/\/tvc16.com\/portal\/wp-json\/wp\/v2\/media?parent=53707"}],"wp:term":[{"taxonomy":"category","embeddable":true,"href":"https:\/\/tvc16.com\/portal\/wp-json\/wp\/v2\/categories?post=53707"},{"taxonomy":"post_tag","embeddable":true,"href":"https:\/\/tvc16.com\/portal\/wp-json\/wp\/v2\/tags?post=53707"}],"curies":[{"name":"wp","href":"https:\/\/api.w.org\/{rel}","templated":true}]}}