{"id":53712,"date":"2023-02-17T13:52:48","date_gmt":"2023-02-17T16:52:48","guid":{"rendered":"https:\/\/tvc16.com\/portal\/?p=53712"},"modified":"2023-02-17T13:52:49","modified_gmt":"2023-02-17T16:52:49","slug":"bancos-nao-funcionam-no-feriadao-de-carnaval","status":"publish","type":"post","link":"https:\/\/tvc16.com\/portal\/2023\/02\/17\/bancos-nao-funcionam-no-feriadao-de-carnaval\/","title":{"rendered":"Bancos n\u00e3o funcionam no feriad\u00e3o de Carnaval"},"content":{"rendered":"\n<p>Os bancos n\u00e3o v\u00e3o ter expediente durante o feriado de Carnaval, informou a Federa\u00e7\u00e3o Brasileira de Bancos (Febraban). As ag\u00eancias banc\u00e1rias fecham na segunda-feira (20) e na ter\u00e7a-feira (21) de Carnaval. J\u00e1 na Quarta-Feira de Cinzas (22), o atendimento ao p\u00fablico come\u00e7a \u00e0s 12h (hor\u00e1rio local), e o encerramento segue o hor\u00e1rio habitual de fechamento, no munic\u00edpio.<img decoding=\"async\" src=\"https:\/\/agenciabrasil.ebc.com.br\/ebc.png?id=1511281&amp;o=node\"><img decoding=\"async\" src=\"https:\/\/agenciabrasil.ebc.com.br\/ebc.gif?id=1511281&amp;o=node\"><\/p>\n\n\n\n<p>Contas de consumo \u2013 como de \u00e1gua, energia e telefone \u2013, e os boletos com vencimento em 20 e 21 de fevereiro poder\u00e3o ser pagos, sem acr\u00e9scimo de juros e multa, no dia \u00fatil seguinte, que ser\u00e1 a Quarta-Feira de Cinzas. J\u00e1 os tributos, normalmente j\u00e1 tem as datas ajustadas ao calend\u00e1rio de feriados nacionais, estaduais e municipais.<\/p>\n\n\n\n<p>As opera\u00e7\u00f5es do sistema de pagamento PIX estar\u00e3o em pleno funcionamento, no per\u00edodo.<\/p>\n\n\n\n<p>A Febraban orienta os clientes a usarem, preferencialmente, os canais digitais, como\u00a0<em>sites<\/em>\u00a0e aplicativo dos bancos, para fazer transfer\u00eancias e pagamentos de contas nos dias de folia, quando n\u00e3o haver\u00e1 expediente banc\u00e1rio nas ag\u00eancias.<\/p>\n\n\n\n<p><\/p>\n\n\n\n<p>Por Daniella Almeida \u2013 Rep\u00f3rter da Ag\u00eancia Brasil &#8211; Bras\u00edlia<\/p>\n","protected":false},"excerpt":{"rendered":"<p>Os bancos n\u00e3o v\u00e3o ter expediente durante o feriado de Carnaval, informou a Federa\u00e7\u00e3o Brasileira<\/p>\n","protected":false},"author":2,"featured_media":53713,"comment_status":"open","ping_status":"open","sticky":false,"template":"","format":"standard","meta":{"footnotes":""},"categories":[17],"tags":[],"class_list":["post-53712","post","type-post","status-publish","format-standard","has-post-thumbnail","hentry","category-outras-noticias"],"_links":{"self":[{"href":"https:\/\/tvc16.com\/portal\/wp-json\/wp\/v2\/posts\/53712","targetHints":{"allow":["GET"]}}],"collection":[{"href":"https:\/\/tvc16.com\/portal\/wp-json\/wp\/v2\/posts"}],"about":[{"href":"https:\/\/tvc16.com\/portal\/wp-json\/wp\/v2\/types\/post"}],"author":[{"embeddable":true,"href":"https:\/\/tvc16.com\/portal\/wp-json\/wp\/v2\/users\/2"}],"replies":[{"embeddable":true,"href":"https:\/\/tvc16.com\/portal\/wp-json\/wp\/v2\/comments?post=53712"}],"version-history":[{"count":1,"href":"https:\/\/tvc16.com\/portal\/wp-json\/wp\/v2\/posts\/53712\/revisions"}],"predecessor-version":[{"id":53714,"href":"https:\/\/tvc16.com\/portal\/wp-json\/wp\/v2\/posts\/53712\/revisions\/53714"}],"wp:featuredmedia":[{"embeddable":true,"href":"https:\/\/tvc16.com\/portal\/wp-json\/wp\/v2\/media\/53713"}],"wp:attachment":[{"href":"https:\/\/tvc16.com\/portal\/wp-json\/wp\/v2\/media?parent=53712"}],"wp:term":[{"taxonomy":"category","embeddable":true,"href":"https:\/\/tvc16.com\/portal\/wp-json\/wp\/v2\/categories?post=53712"},{"taxonomy":"post_tag","embeddable":true,"href":"https:\/\/tvc16.com\/portal\/wp-json\/wp\/v2\/tags?post=53712"}],"curies":[{"name":"wp","href":"https:\/\/api.w.org\/{rel}","templated":true}]}}