{"id":53717,"date":"2023-02-18T07:00:00","date_gmt":"2023-02-18T10:00:00","guid":{"rendered":"https:\/\/tvc16.com\/portal\/?p=53717"},"modified":"2023-02-17T20:16:30","modified_gmt":"2023-02-17T23:16:30","slug":"escola-de-musica-santa-cecilia-comemora-130-anos","status":"publish","type":"post","link":"https:\/\/tvc16.com\/portal\/2023\/02\/18\/escola-de-musica-santa-cecilia-comemora-130-anos\/","title":{"rendered":"Escola de M\u00fasica Santa Cec\u00edlia comemora 130 anos"},"content":{"rendered":"\n<p><em>Guilherme Mattos<\/em><\/p>\n\n\n\n<p>A Escola de M\u00fasica Santa Cec\u00edlia comemorou 130 anos nesta quinta-feira (16). A institui\u00e7\u00e3o foi fundada em 1893, pelo maestro e professor de m\u00fasica Jo\u00e3o Paulo Carneiro Pinto. O maestro foi trazido para Petr\u00f3polis pelo Bar\u00e3o Ara\u00fajo, que era grande amante da cidade. Carneiro, ent\u00e3o, inaugurou a Escola para 34 crian\u00e7as tendo recursos ou n\u00e3o para pagarem as aulas.<\/p>\n\n\n\n<figure class=\"wp-block-image size-large\"><img loading=\"lazy\" decoding=\"async\" width=\"1024\" height=\"576\" src=\"https:\/\/tvc16.com\/portal\/wp-content\/uploads\/2023\/02\/santa-cecilia-2-1024x576.jpeg\" alt=\"\" class=\"wp-image-53719\" srcset=\"https:\/\/tvc16.com\/portal\/wp-content\/uploads\/2023\/02\/santa-cecilia-2-1024x576.jpeg 1024w, https:\/\/tvc16.com\/portal\/wp-content\/uploads\/2023\/02\/santa-cecilia-2-300x169.jpeg 300w, https:\/\/tvc16.com\/portal\/wp-content\/uploads\/2023\/02\/santa-cecilia-2-768x432.jpeg 768w, https:\/\/tvc16.com\/portal\/wp-content\/uploads\/2023\/02\/santa-cecilia-2-1536x864.jpeg 1536w, https:\/\/tvc16.com\/portal\/wp-content\/uploads\/2023\/02\/santa-cecilia-2.jpeg 1599w\" sizes=\"auto, (max-width: 1024px) 100vw, 1024px\" \/><figcaption class=\"wp-element-caption\">Solenidade de inaugura\u00e7\u00e3o do Teatro Santa Cec\u00edlia com a presen\u00e7a de autoridades da \u00e9poca &#8211; 1955<\/figcaption><\/figure>\n\n\n\n<p>Rapidamente a escola se tornou refer\u00eancia cultural na cidade e come\u00e7ou a fazer parte de todas as festividades locais, p\u00fablicas ou privadas. Em 1923, o professor faleceu, mas n\u00e3o antes de declarar seu \u00faltimo desejo: \u201cN\u00e3o deixem morrer a minha Escola\u201d. Ap\u00f3s isso, amigos do maestro se reuniram com Sanctino Carneiro, que abriu m\u00e3o de todos os bens do pai representados por instrumentos musicais e a pr\u00f3pria escola, iniciando a organiza\u00e7\u00e3o da sociedade civil, hoje conhecida como a Escola de M\u00fasica Santa Cec\u00edlia.<\/p>\n\n\n\n<figure class=\"wp-block-image size-large\"><img loading=\"lazy\" decoding=\"async\" width=\"1024\" height=\"766\" src=\"https:\/\/tvc16.com\/portal\/wp-content\/uploads\/2023\/02\/santa-cecilia-3-1-1024x766.jpeg\" alt=\"\" class=\"wp-image-53721\" srcset=\"https:\/\/tvc16.com\/portal\/wp-content\/uploads\/2023\/02\/santa-cecilia-3-1-1024x766.jpeg 1024w, https:\/\/tvc16.com\/portal\/wp-content\/uploads\/2023\/02\/santa-cecilia-3-1-300x224.jpeg 300w, https:\/\/tvc16.com\/portal\/wp-content\/uploads\/2023\/02\/santa-cecilia-3-1-768x575.jpeg 768w, https:\/\/tvc16.com\/portal\/wp-content\/uploads\/2023\/02\/santa-cecilia-3-1-1536x1149.jpeg 1536w, https:\/\/tvc16.com\/portal\/wp-content\/uploads\/2023\/02\/santa-cecilia-3-1-200x150.jpeg 200w, https:\/\/tvc16.com\/portal\/wp-content\/uploads\/2023\/02\/santa-cecilia-3-1.jpeg 1600w\" sizes=\"auto, (max-width: 1024px) 100vw, 1024px\" \/><figcaption class=\"wp-element-caption\">Maestro Paulo Carneiro e seus alunos<\/figcaption><\/figure>\n\n\n\n<p>A escola se instalou em um pr\u00e9dio na Rua Marechal Deodoro, n\u00famero 192, oferecendo cursos musicais e o sal\u00e3o para atividades art\u00edsticas em geral, inclusive um cine-teatro. Em 1950, iniciou a constru\u00e7\u00e3o do Teatro Santa Cec\u00edlia, grande sonho do maestro Jo\u00e3o Carneiro. \u201cDesde que a escola foi constru\u00edda j\u00e1 havia a preocupa\u00e7\u00e3o de ter um espa\u00e7o para apresenta\u00e7\u00e3o dos alunos. Quando o pr\u00e9dio [Teatro Santa Cec\u00edlia] foi constru\u00eddo em 1950, tamb\u00e9m houve a preocupa\u00e7\u00e3o de se ter um espa\u00e7o para aulas de m\u00fasicas e artes.\u201d comentou Janine Meirelles, atual diretora da escola. Durante os 5 anos da constru\u00e7\u00e3o do teatro, a prefeitura cedeu o Pal\u00e1cio de Cristal \u00e0 escola para acontecer as aulas e apresenta\u00e7\u00f5es.<\/p>\n\n\n\n<p>Atualmente, a escola de m\u00fasica \u00e9 uma entidade civil sem fins lucrativos e \u00e9 administrada por tr\u00eas conselhos. Nenhum dos membros da administra\u00e7\u00e3o recebe qualquer tipo de remunera\u00e7\u00e3o, exceto aqueles que atuam como professores. O espa\u00e7o conta atualmente com aulas de instrumentos musicais e preparo vocal. <\/p>\n\n\n\n<p>Para mais informa\u00e7\u00f5es sobre a institui\u00e7\u00e3o, basta conferir no facebook SantaCeciliaPetropolis ou instagram @Emusicasantacecilia, ou na Rua General Os\u00f3rio, n\u00famero 192.<\/p>\n","protected":false},"excerpt":{"rendered":"<p>Guilherme Mattos A Escola de M\u00fasica Santa Cec\u00edlia comemorou 130 anos nesta quinta-feira (16). A<\/p>\n","protected":false},"author":2,"featured_media":53718,"comment_status":"open","ping_status":"open","sticky":false,"template":"","format":"standard","meta":{"footnotes":""},"categories":[12,21,264,19],"tags":[],"class_list":["post-53717","post","type-post","status-publish","format-standard","has-post-thumbnail","hentry","category-cidade","category-cultura","category-destaque","category-educacao"],"_links":{"self":[{"href":"https:\/\/tvc16.com\/portal\/wp-json\/wp\/v2\/posts\/53717","targetHints":{"allow":["GET"]}}],"collection":[{"href":"https:\/\/tvc16.com\/portal\/wp-json\/wp\/v2\/posts"}],"about":[{"href":"https:\/\/tvc16.com\/portal\/wp-json\/wp\/v2\/types\/post"}],"author":[{"embeddable":true,"href":"https:\/\/tvc16.com\/portal\/wp-json\/wp\/v2\/users\/2"}],"replies":[{"embeddable":true,"href":"https:\/\/tvc16.com\/portal\/wp-json\/wp\/v2\/comments?post=53717"}],"version-history":[{"count":1,"href":"https:\/\/tvc16.com\/portal\/wp-json\/wp\/v2\/posts\/53717\/revisions"}],"predecessor-version":[{"id":53722,"href":"https:\/\/tvc16.com\/portal\/wp-json\/wp\/v2\/posts\/53717\/revisions\/53722"}],"wp:featuredmedia":[{"embeddable":true,"href":"https:\/\/tvc16.com\/portal\/wp-json\/wp\/v2\/media\/53718"}],"wp:attachment":[{"href":"https:\/\/tvc16.com\/portal\/wp-json\/wp\/v2\/media?parent=53717"}],"wp:term":[{"taxonomy":"category","embeddable":true,"href":"https:\/\/tvc16.com\/portal\/wp-json\/wp\/v2\/categories?post=53717"},{"taxonomy":"post_tag","embeddable":true,"href":"https:\/\/tvc16.com\/portal\/wp-json\/wp\/v2\/tags?post=53717"}],"curies":[{"name":"wp","href":"https:\/\/api.w.org\/{rel}","templated":true}]}}