{"id":53726,"date":"2023-02-19T09:00:00","date_gmt":"2023-02-19T12:00:00","guid":{"rendered":"https:\/\/tvc16.com\/portal\/?p=53726"},"modified":"2023-02-17T21:56:52","modified_gmt":"2023-02-18T00:56:52","slug":"projeto-petropolitano-em-prol-do-meio-ambiente","status":"publish","type":"post","link":"https:\/\/tvc16.com\/portal\/2023\/02\/19\/projeto-petropolitano-em-prol-do-meio-ambiente\/","title":{"rendered":"Projeto petropolitano em prol do Meio Ambiente"},"content":{"rendered":"\n<p><em>Richard Stoltzenburg<\/em><\/p>\n\n\n\n<p>Nessa quinta-feira (16), o Correio Petropolitano Debate entrevistou a diretora administrativa da ONG Projeto \u00c1gua, Silvia Reis, para falar das a\u00e7\u00f5es em 19 anos e das iniciativas para 2023. O projeto foi iniciado em 2004 por um empres\u00e1rio e visa a preserva\u00e7\u00e3o do Meio Ambiente e fica localizado em uma fazenda em Secret\u00e1rio.<\/p>\n\n\n\n<p>Atualmente o projeto cont\u00e9m 15 programas voltados ao meio ambiente e contato com a natureza, por meio de visita\u00e7\u00f5es e atividades realizadas no local. Apesar de ser uma iniciativa de refer\u00eancia, h\u00e1 poucos colaboradores at\u00e9 o momento. Dentre as a\u00e7\u00f5es realizadas, est\u00e1 a visita\u00e7\u00e3o de escolas p\u00fablicas e privadas \u00e0 sede do projeto. \u201cAs crian\u00e7as ser\u00e3o o futuro da sociedade, ent\u00e3o precisamos educar, conscientizar essas crian\u00e7as, mas fazemos isso de uma forma divertida, que engloba a teoria e a pr\u00e1tica. As escolas privadas pagam uma taxa de visita\u00e7\u00e3o para que os alunos das unidades p\u00fablicas possam comparecer. Essa \u00e9 uma forma de ajudar na arrecada\u00e7\u00e3o para mantermos o projeto\u201d, comenta Silvia.<\/p>\n\n\n\n<p>Silvia \u00e9 diretora h\u00e1 11 anos e comenta que a evolu\u00e7\u00e3o do projeto \u00e9 significativa. Ela perdeu o neg\u00f3cio que tinha em 2011. \u201cAntes de ser convidada para ser a diretora desse projeto, tive meu neg\u00f3cio levado pelas chuvas. Quando entrei a fazenda tinha cerca de seis mil \u00e1rvores. Hoje n\u00f3s temos o dobro\u201d, esclarece. Por meio do Projeto \u00c1gua, empresas petropolitanas podem fazer a compensa\u00e7\u00e3o ambiental. \u201cN\u00f3s temos uma parceria com a secretaria de Meio Ambiente e as empresas podem procurar a prefeitura para realizar esse procedimento\u201d, explica.<\/p>\n\n\n\n<p>O primeiro programa iniciado foi \u201cReflorestamento\u201d, com o objetivo de aumentar a \u00e1rea verde na fazenda. \u201cTodos que visitam o espa\u00e7o plantam uma \u00e1rvore. Esse foi o primeiro programa, mas n\u00f3s temos \u201cP\u00e1ssaros que voam aqui\u201d, \u201cOs Caminhos da \u00c1gua\u201d, dentre outros. Hoje s\u00e3o 15 e temos algumas ideias para novos programas neste ano\u201d, finaliza.<\/p>\n","protected":false},"excerpt":{"rendered":"<p>Richard Stoltzenburg Nessa quinta-feira (16), o Correio Petropolitano Debate entrevistou a diretora administrativa da ONG<\/p>\n","protected":false},"author":2,"featured_media":53727,"comment_status":"open","ping_status":"open","sticky":false,"template":"","format":"standard","meta":{"footnotes":""},"categories":[12,21,264,18,19],"tags":[],"class_list":["post-53726","post","type-post","status-publish","format-standard","has-post-thumbnail","hentry","category-cidade","category-cultura","category-destaque","category-economia","category-educacao"],"_links":{"self":[{"href":"https:\/\/tvc16.com\/portal\/wp-json\/wp\/v2\/posts\/53726","targetHints":{"allow":["GET"]}}],"collection":[{"href":"https:\/\/tvc16.com\/portal\/wp-json\/wp\/v2\/posts"}],"about":[{"href":"https:\/\/tvc16.com\/portal\/wp-json\/wp\/v2\/types\/post"}],"author":[{"embeddable":true,"href":"https:\/\/tvc16.com\/portal\/wp-json\/wp\/v2\/users\/2"}],"replies":[{"embeddable":true,"href":"https:\/\/tvc16.com\/portal\/wp-json\/wp\/v2\/comments?post=53726"}],"version-history":[{"count":1,"href":"https:\/\/tvc16.com\/portal\/wp-json\/wp\/v2\/posts\/53726\/revisions"}],"predecessor-version":[{"id":53728,"href":"https:\/\/tvc16.com\/portal\/wp-json\/wp\/v2\/posts\/53726\/revisions\/53728"}],"wp:featuredmedia":[{"embeddable":true,"href":"https:\/\/tvc16.com\/portal\/wp-json\/wp\/v2\/media\/53727"}],"wp:attachment":[{"href":"https:\/\/tvc16.com\/portal\/wp-json\/wp\/v2\/media?parent=53726"}],"wp:term":[{"taxonomy":"category","embeddable":true,"href":"https:\/\/tvc16.com\/portal\/wp-json\/wp\/v2\/categories?post=53726"},{"taxonomy":"post_tag","embeddable":true,"href":"https:\/\/tvc16.com\/portal\/wp-json\/wp\/v2\/tags?post=53726"}],"curies":[{"name":"wp","href":"https:\/\/api.w.org\/{rel}","templated":true}]}}