{"id":53730,"date":"2023-02-18T11:00:00","date_gmt":"2023-02-18T14:00:00","guid":{"rendered":"https:\/\/tvc16.com\/portal\/?p=53730"},"modified":"2023-02-17T22:05:39","modified_gmt":"2023-02-18T01:05:39","slug":"prefeitura-leva-asfaltamento-e-recapemaento-para-mais-de-15-locais-no-alto-da-serra","status":"publish","type":"post","link":"https:\/\/tvc16.com\/portal\/2023\/02\/18\/prefeitura-leva-asfaltamento-e-recapemaento-para-mais-de-15-locais-no-alto-da-serra\/","title":{"rendered":"Prefeitura leva asfaltamento e recapemaento para mais de 15 locais no Alto da Serra"},"content":{"rendered":"\n<p>Manter as ruas em condi\u00e7\u00f5es de trafegabilidade, proporcionando seguran\u00e7a aos motoristas e pedestres, s\u00e3o alguns dos pilares do programa Nosso Bairro, que est\u00e1 levando a\u00e7\u00f5es integradas \u00e0 regi\u00e3o do Alto da Serra. Mais de 15 locais j\u00e1 receberam interven\u00e7\u00f5es na malha vi\u00e1ria, incluindo pavimenta\u00e7\u00e3o, recapeamento e opera\u00e7\u00e3o tapa-buraco.<\/p>\n\n\n\n<figure class=\"wp-block-image size-full\"><img loading=\"lazy\" decoding=\"async\" width=\"720\" height=\"473\" src=\"https:\/\/tvc16.com\/portal\/wp-content\/uploads\/2023\/02\/Asfalto-2.jpeg\" alt=\"\" class=\"wp-image-53732\" srcset=\"https:\/\/tvc16.com\/portal\/wp-content\/uploads\/2023\/02\/Asfalto-2.jpeg 720w, https:\/\/tvc16.com\/portal\/wp-content\/uploads\/2023\/02\/Asfalto-2-300x197.jpeg 300w\" sizes=\"auto, (max-width: 720px) 100vw, 720px\" \/><\/figure>\n\n\n\n<p>As interven\u00e7\u00f5es na regi\u00e3o tiveram inicio na Estrada do Para\u00edso, e seguiram pelas ruas dos Eucaliptos; Teresa; Chile; Fernando Fernandes; Batista de Castro; Alyntor Werneck; Napole\u00e3o Laureano; Perm\u00ednio Schimidt; Jacinto Rabello; Romeu Sutter; Paula Aguiar; Jamiro Guarizzi; Paula Aguiar; al\u00e9m da Servid\u00e3o Ruy Baptista.<\/p>\n\n\n\n<p>A Prefeitura atua com equipes concluindo o asfaltamento das ruas Jamiro Guarizzi e Paula Aguiar; al\u00e9m da Servid\u00e3o Ruy Baptista.<\/p>\n","protected":false},"excerpt":{"rendered":"<p>Manter as ruas em condi\u00e7\u00f5es de trafegabilidade, proporcionando seguran\u00e7a aos motoristas e pedestres, s\u00e3o alguns<\/p>\n","protected":false},"author":2,"featured_media":53731,"comment_status":"open","ping_status":"open","sticky":false,"template":"","format":"standard","meta":{"footnotes":""},"categories":[12,18,15],"tags":[],"class_list":["post-53730","post","type-post","status-publish","format-standard","has-post-thumbnail","hentry","category-cidade","category-economia","category-politica"],"_links":{"self":[{"href":"https:\/\/tvc16.com\/portal\/wp-json\/wp\/v2\/posts\/53730","targetHints":{"allow":["GET"]}}],"collection":[{"href":"https:\/\/tvc16.com\/portal\/wp-json\/wp\/v2\/posts"}],"about":[{"href":"https:\/\/tvc16.com\/portal\/wp-json\/wp\/v2\/types\/post"}],"author":[{"embeddable":true,"href":"https:\/\/tvc16.com\/portal\/wp-json\/wp\/v2\/users\/2"}],"replies":[{"embeddable":true,"href":"https:\/\/tvc16.com\/portal\/wp-json\/wp\/v2\/comments?post=53730"}],"version-history":[{"count":1,"href":"https:\/\/tvc16.com\/portal\/wp-json\/wp\/v2\/posts\/53730\/revisions"}],"predecessor-version":[{"id":53733,"href":"https:\/\/tvc16.com\/portal\/wp-json\/wp\/v2\/posts\/53730\/revisions\/53733"}],"wp:featuredmedia":[{"embeddable":true,"href":"https:\/\/tvc16.com\/portal\/wp-json\/wp\/v2\/media\/53731"}],"wp:attachment":[{"href":"https:\/\/tvc16.com\/portal\/wp-json\/wp\/v2\/media?parent=53730"}],"wp:term":[{"taxonomy":"category","embeddable":true,"href":"https:\/\/tvc16.com\/portal\/wp-json\/wp\/v2\/categories?post=53730"},{"taxonomy":"post_tag","embeddable":true,"href":"https:\/\/tvc16.com\/portal\/wp-json\/wp\/v2\/tags?post=53730"}],"curies":[{"name":"wp","href":"https:\/\/api.w.org\/{rel}","templated":true}]}}