{"id":53752,"date":"2023-02-20T08:00:00","date_gmt":"2023-02-20T11:00:00","guid":{"rendered":"https:\/\/tvc16.com\/portal\/?p=53752"},"modified":"2023-02-18T00:09:49","modified_gmt":"2023-02-18T03:09:49","slug":"casa-de-petropolis-se-prepara-receber-exposicao-de-80-anos-de-luiz-aquila","status":"publish","type":"post","link":"https:\/\/tvc16.com\/portal\/2023\/02\/20\/casa-de-petropolis-se-prepara-receber-exposicao-de-80-anos-de-luiz-aquila\/","title":{"rendered":"Casa de Petr\u00f3polis se prepara receber exposi\u00e7\u00e3o de 80 anos de Luiz Aquila"},"content":{"rendered":"\n<p>A Casa de Petr\u00f3polis Instituto de Cultura \u00e9 o local escolhido para receber a exposi\u00e7\u00e3o em comemora\u00e7\u00e3o ao anivers\u00e1rio de Luiz Aquila. A mostra em celebra\u00e7\u00e3o aos 80 anos do artista, ter\u00e1 abertura no dia 25 de fevereiro, \u00e0s 16h. <\/p>\n\n\n\n<p>Aquila, nasceu no Rio, e completa oito d\u00e9cadas de vida dois dias depois, dia 27. A abertura de \u201cLuiz Aquila na Casa de Petr\u00f3polis \u2013 80 anos do artista\u201d contar\u00e1 com performance musical e convidados do artista. <\/p>\n\n\n\n<p>Aquila tem estreita rela\u00e7\u00e3o com a Casa de Petr\u00f3polis. Ele \u00e9 bisneto de Jos\u00e9 Tavares Guerra, o dono original do im\u00f3vel, al\u00e9m de diretor de Cultura do espa\u00e7o. Al\u00e9m de pintor, \u00e9 desenhista, gravador e professor, conhecido pelo seu papel de orientador art\u00edstico da Gera\u00e7\u00e3o 80.<\/p>\n","protected":false},"excerpt":{"rendered":"<p>A Casa de Petr\u00f3polis Instituto de Cultura \u00e9 o local escolhido para receber a exposi\u00e7\u00e3o<\/p>\n","protected":false},"author":2,"featured_media":53753,"comment_status":"open","ping_status":"open","sticky":false,"template":"","format":"standard","meta":{"footnotes":""},"categories":[264,18,118],"tags":[],"class_list":["post-53752","post","type-post","status-publish","format-standard","has-post-thumbnail","hentry","category-destaque","category-economia","category-programacao"],"_links":{"self":[{"href":"https:\/\/tvc16.com\/portal\/wp-json\/wp\/v2\/posts\/53752","targetHints":{"allow":["GET"]}}],"collection":[{"href":"https:\/\/tvc16.com\/portal\/wp-json\/wp\/v2\/posts"}],"about":[{"href":"https:\/\/tvc16.com\/portal\/wp-json\/wp\/v2\/types\/post"}],"author":[{"embeddable":true,"href":"https:\/\/tvc16.com\/portal\/wp-json\/wp\/v2\/users\/2"}],"replies":[{"embeddable":true,"href":"https:\/\/tvc16.com\/portal\/wp-json\/wp\/v2\/comments?post=53752"}],"version-history":[{"count":1,"href":"https:\/\/tvc16.com\/portal\/wp-json\/wp\/v2\/posts\/53752\/revisions"}],"predecessor-version":[{"id":53754,"href":"https:\/\/tvc16.com\/portal\/wp-json\/wp\/v2\/posts\/53752\/revisions\/53754"}],"wp:featuredmedia":[{"embeddable":true,"href":"https:\/\/tvc16.com\/portal\/wp-json\/wp\/v2\/media\/53753"}],"wp:attachment":[{"href":"https:\/\/tvc16.com\/portal\/wp-json\/wp\/v2\/media?parent=53752"}],"wp:term":[{"taxonomy":"category","embeddable":true,"href":"https:\/\/tvc16.com\/portal\/wp-json\/wp\/v2\/categories?post=53752"},{"taxonomy":"post_tag","embeddable":true,"href":"https:\/\/tvc16.com\/portal\/wp-json\/wp\/v2\/tags?post=53752"}],"curies":[{"name":"wp","href":"https:\/\/api.w.org\/{rel}","templated":true}]}}