{"id":53758,"date":"2023-02-18T17:00:00","date_gmt":"2023-02-18T20:00:00","guid":{"rendered":"https:\/\/tvc16.com\/portal\/?p=53758"},"modified":"2023-02-18T10:01:32","modified_gmt":"2023-02-18T13:01:32","slug":"governador-claudio-castro-prestigia-primeiro-dia-de-desfiles-na-sapucai","status":"publish","type":"post","link":"https:\/\/tvc16.com\/portal\/2023\/02\/18\/governador-claudio-castro-prestigia-primeiro-dia-de-desfiles-na-sapucai\/","title":{"rendered":"<strong>Governador Cl\u00e1udio Castro prestigia primeiro dia de desfiles na Sapuca\u00ed<\/strong>"},"content":{"rendered":"\n<p>O governador Cl\u00e1udio Castro marcou presen\u00e7a no primeiro dia de desfiles das escolas de samba da S\u00e9rie Ouro, na noite desta sexta-feira, 17, no Samb\u00f3dromo. Castro prestigiou o evento e destacou o investimento de R$ 38 milh\u00f5es pelo Governo do Estado do Rio de Janeiro para o fomento ao Maior Espet\u00e1culo da Terra. Al\u00e9m disso, ressaltou a atua\u00e7\u00e3o dos \u00f3rg\u00e3os estaduais para garantir uma festa segura para todos os foli\u00f5es, como a mobiliza\u00e7\u00e3o de 11,5 mil policiais militares &#8211; efetivo 15% superior ao do ano passado -, de agentes da Lei Seca e uma campanha voltada para o combate ao ass\u00e9dio contra as mulheres.<\/p>\n\n\n\n<figure class=\"wp-block-image size-large\"><img loading=\"lazy\" decoding=\"async\" width=\"1024\" height=\"576\" src=\"https:\/\/tvc16.com\/portal\/wp-content\/uploads\/2023\/02\/carnaval-1o-dia-2-1024x576.jpg\" alt=\"\" class=\"wp-image-53761\" srcset=\"https:\/\/tvc16.com\/portal\/wp-content\/uploads\/2023\/02\/carnaval-1o-dia-2-1024x576.jpg 1024w, https:\/\/tvc16.com\/portal\/wp-content\/uploads\/2023\/02\/carnaval-1o-dia-2-300x169.jpg 300w, https:\/\/tvc16.com\/portal\/wp-content\/uploads\/2023\/02\/carnaval-1o-dia-2-768x432.jpg 768w, https:\/\/tvc16.com\/portal\/wp-content\/uploads\/2023\/02\/carnaval-1o-dia-2-1536x864.jpg 1536w, https:\/\/tvc16.com\/portal\/wp-content\/uploads\/2023\/02\/carnaval-1o-dia-2-2048x1152.jpg 2048w\" sizes=\"auto, (max-width: 1024px) 100vw, 1024px\" \/><\/figure>\n\n\n\n<p>-Depois de dois anos, voltamos e com a expectativa de que este seja um grande Carnaval de paz, alegria, folia e que volte a ser essa pot\u00eancia t\u00e3o importante pro Rio e pro Brasil. Esse ano decidimos fazer mais um aporte de investimento por meio da Lei de Incentivo \u00e0 Cultura,&nbsp;e ficamos felizes em ajudar. Com o aporte de R$ 38 milh\u00f5es \u00e0s agremia\u00e7\u00f5es, viabilizamos a realiza\u00e7\u00e3o de um grande espet\u00e1culo. \u00c9 uma festa a ser celebrada! Quero reafirmar para os moradores do Rio de Janeiro e turistas: contem com as a\u00e7\u00f5es do Governo do Estado para um evento alegre e seguro &#8211; declarou o governador.<\/p>\n\n\n\n<p>A Secret\u00e1ria de Cultura e Economia Criativa, Danielle Barros frisou o papel do Carnaval na gera\u00e7\u00e3o de emprego e renda, reafirmando a import\u00e2ncia do apoio do Estado \u00e0 festa momesca.<\/p>\n\n\n\n<p>&#8211; O Carnaval \u00e9 a nossa maior express\u00e3o cultural e o Governo do Estado tem feito a sua parte para garantir o investimento nas Escolas de Samba do Grupo Especial, mas tamb\u00e9m na Liga Ouro, nos blocos e demais manifesta\u00e7\u00f5es art\u00edsticas que garantam o maior espet\u00e1culo da terra, gerando emprego e renda para os trabalhadores do Estado &#8211; afirmou.<\/p>\n\n\n\n<p>Outra iniciativa do Governo do Estado, a campanha \u201cOuviu um n\u00e3o? Respeite a Decis\u00e3o\u201d ajudar\u00e1 no combate ao ass\u00e9dio contra as mulheres neste Carnaval. A a\u00e7\u00e3o, comandada pela Secretaria da Mulher, busca conscientizar os foli\u00f5es e pontua atitudes que podem ser consideradas ass\u00e9dio, como puxar o cabelo, bra\u00e7o e a fantasia. A campanha conta com o aplicativo Rede Mulher, que pode ser baixado gratuitamente no celular. A ferramenta tem um bot\u00e3o de emerg\u00eancia que aciona eletronicamente o 190, da Pol\u00edcia Militar.<\/p>\n\n\n\n<p>&#8211; Carnaval chegou, o Rio de Janeiro est\u00e1 em festa. Nossa mensagem \u00e9 para que as pessoas brinquem e se divirtam, mas sem ass\u00e9dio, sem viol\u00eancia contra a mulher. Ouviu um n\u00e3o? Respeite a decis\u00e3o. Baixem tamb\u00e9m o app Rede Mulher para situa\u00e7\u00f5es de emerg\u00eancia. Vamos fazer um Carnaval bonito &#8211; pede a secret\u00e1ria da Mulher, Heloisa Aguiar.<\/p>\n\n\n\n<p>Pela primeira vez na Sapuca\u00ed, o empres\u00e1rio Bruno Falc\u00e3o, de 35 anos, de Jo\u00e3o Pessoa (Para\u00edba), diz que a experi\u00eancia de assistir aos desfiles est\u00e1 sendo \u00fanica.<\/p>\n\n\n\n<p>&#8211; A gente sempre acompanhou pela televis\u00e3o e agora vivenciando isso aqui ao vivo, \u00e9 um momento singular, com samba no p\u00e9. A seguran\u00e7a aqui no entorno no samb\u00f3dromo e nos acessos est\u00e1 muito boa, tudo muito bem sinalizado e f\u00e1cil acesso. O Rio de Janeiro est\u00e1 recebendo o turista de forma segura e tranquila. Afinal, o Rio tem seus encantos- relatou.<\/p>\n\n\n\n<p>O empres\u00e1rio tamb\u00e9m elogiou as a\u00e7\u00f5es do Governo do Estado, e enfatizou a necessidade de conscientizar os foli\u00f5es.<\/p>\n\n\n\n<p>&#8211; Esse papel social do Governo do Rio com campanhas como a da Lei Seca ou em defesa das mulheres serve para conscientizar e educar o turista e todo o foli\u00e3o. Afinal, Carnaval \u00e9 momento de celebrar, brincar, mas sem esquecer do respeito ao pr\u00f3ximo- ressaltou.<\/p>\n\n\n\n<p>Auxiliar administrativa, a carioca Valdimeire Borges, 49 anos, tamb\u00e9m aplaudiu as diversas campanhas dos \u00f3rg\u00e3os estaduais.<\/p>\n\n\n\n<p>&#8211; Nesse momento em que temos visto tantos casos de viol\u00eancia contra a mulher, foi muito boa a iniciativa do Governo Estadual em promover uma campanha no Carnaval que fala sobre o respeito \u00e0 mulher, ao seu corpo. Isso tem mesmo que divulgar: se eu digo n\u00e3o, respeita a minha decis\u00e3o! &#8211; refor\u00e7ou ela.<\/p>\n","protected":false},"excerpt":{"rendered":"<p>O governador Cl\u00e1udio Castro marcou presen\u00e7a no primeiro dia de desfiles das escolas de samba<\/p>\n","protected":false},"author":2,"featured_media":53760,"comment_status":"open","ping_status":"open","sticky":false,"template":"","format":"standard","meta":{"footnotes":""},"categories":[264,17,14,15,118],"tags":[],"class_list":["post-53758","post","type-post","status-publish","format-standard","has-post-thumbnail","hentry","category-destaque","category-outras-noticias","category-pais","category-politica","category-programacao"],"_links":{"self":[{"href":"https:\/\/tvc16.com\/portal\/wp-json\/wp\/v2\/posts\/53758","targetHints":{"allow":["GET"]}}],"collection":[{"href":"https:\/\/tvc16.com\/portal\/wp-json\/wp\/v2\/posts"}],"about":[{"href":"https:\/\/tvc16.com\/portal\/wp-json\/wp\/v2\/types\/post"}],"author":[{"embeddable":true,"href":"https:\/\/tvc16.com\/portal\/wp-json\/wp\/v2\/users\/2"}],"replies":[{"embeddable":true,"href":"https:\/\/tvc16.com\/portal\/wp-json\/wp\/v2\/comments?post=53758"}],"version-history":[{"count":1,"href":"https:\/\/tvc16.com\/portal\/wp-json\/wp\/v2\/posts\/53758\/revisions"}],"predecessor-version":[{"id":53765,"href":"https:\/\/tvc16.com\/portal\/wp-json\/wp\/v2\/posts\/53758\/revisions\/53765"}],"wp:featuredmedia":[{"embeddable":true,"href":"https:\/\/tvc16.com\/portal\/wp-json\/wp\/v2\/media\/53760"}],"wp:attachment":[{"href":"https:\/\/tvc16.com\/portal\/wp-json\/wp\/v2\/media?parent=53758"}],"wp:term":[{"taxonomy":"category","embeddable":true,"href":"https:\/\/tvc16.com\/portal\/wp-json\/wp\/v2\/categories?post=53758"},{"taxonomy":"post_tag","embeddable":true,"href":"https:\/\/tvc16.com\/portal\/wp-json\/wp\/v2\/tags?post=53758"}],"curies":[{"name":"wp","href":"https:\/\/api.w.org\/{rel}","templated":true}]}}