{"id":53775,"date":"2023-02-18T18:00:00","date_gmt":"2023-02-18T21:00:00","guid":{"rendered":"https:\/\/tvc16.com\/portal\/?p=53775"},"modified":"2023-02-18T17:22:35","modified_gmt":"2023-02-18T20:22:35","slug":"enel-informa-por-nota-que-trabalha-para-reduzir-os-impactos-causados-pelas-instabilidades-climaticas","status":"publish","type":"post","link":"https:\/\/tvc16.com\/portal\/2023\/02\/18\/enel-informa-por-nota-que-trabalha-para-reduzir-os-impactos-causados-pelas-instabilidades-climaticas\/","title":{"rendered":"Enel informa, por nota, que trabalha para reduzir os impactos causados pelas instabilidades clim\u00e1ticas"},"content":{"rendered":"\n<p>A Enel Distribui\u00e7\u00e3o Rio vem trabalhando durante toda a semana com refor\u00e7o de equipes para reduzir os impactos do clima adverso para os clientes. Desde a \u00faltima segunda-feira, intensas chuvas atingem a regi\u00e3o Serrana, al\u00e9m de Niter\u00f3i, S\u00e3o Gon\u00e7alo e Mag\u00e9. Com os fortes ventos, \u00e1rvores e galhos caem sobre a rede el\u00e9trica, gerando grandes desafios para as equipes de emerg\u00eancia da distribuidora.<\/p>\n\n\n\n<p>Nos \u00faltimos cinco dias, a Enel Rio contabilizou mais de mil ocorr\u00eancias decorrentes de \u00e1rvores tombadas e galhos e 678 por descargas atmosf\u00e9ricas. A queda das \u00e1rvores tamb\u00e9m ocasionou danos em 170 postes da rede el\u00e9trica da companhia.<\/p>\n\n\n\n<p>Essas ocorr\u00eancias envolvem a reconstru\u00e7\u00e3o de trechos inteiros da rede, al\u00e9m da substitui\u00e7\u00e3o dos equipamentos e cabos danificados. Em muitos casos, a empresa atua em parceria com o Corpo de Bombeiros e a Defesa Civil, que removem as \u00e1rvores para que os t\u00e9cnicos da companhia iniciem o trabalho.<\/p>\n\n\n\n<p>Diante desse cen\u00e1rio, a Enel Rio ativou o seu Plano Ver\u00e3o envolvendo diferentes \u00e1reas da empresa e aumentou em at\u00e9 10 vezes o n\u00famero de equipes em campo. Os t\u00e9cnicos seguem trabalhando de forma ininterrupta para restabelecer o fornecimento de energia aos clientes no menor tempo poss\u00edvel.<\/p>\n","protected":false},"excerpt":{"rendered":"<p>A Enel Distribui\u00e7\u00e3o Rio vem trabalhando durante toda a semana com refor\u00e7o de equipes para<\/p>\n","protected":false},"author":2,"featured_media":2981,"comment_status":"open","ping_status":"open","sticky":false,"template":"","format":"standard","meta":{"footnotes":""},"categories":[12,264,18,15],"tags":[],"class_list":["post-53775","post","type-post","status-publish","format-standard","has-post-thumbnail","hentry","category-cidade","category-destaque","category-economia","category-politica"],"_links":{"self":[{"href":"https:\/\/tvc16.com\/portal\/wp-json\/wp\/v2\/posts\/53775","targetHints":{"allow":["GET"]}}],"collection":[{"href":"https:\/\/tvc16.com\/portal\/wp-json\/wp\/v2\/posts"}],"about":[{"href":"https:\/\/tvc16.com\/portal\/wp-json\/wp\/v2\/types\/post"}],"author":[{"embeddable":true,"href":"https:\/\/tvc16.com\/portal\/wp-json\/wp\/v2\/users\/2"}],"replies":[{"embeddable":true,"href":"https:\/\/tvc16.com\/portal\/wp-json\/wp\/v2\/comments?post=53775"}],"version-history":[{"count":1,"href":"https:\/\/tvc16.com\/portal\/wp-json\/wp\/v2\/posts\/53775\/revisions"}],"predecessor-version":[{"id":53776,"href":"https:\/\/tvc16.com\/portal\/wp-json\/wp\/v2\/posts\/53775\/revisions\/53776"}],"wp:featuredmedia":[{"embeddable":true,"href":"https:\/\/tvc16.com\/portal\/wp-json\/wp\/v2\/media\/2981"}],"wp:attachment":[{"href":"https:\/\/tvc16.com\/portal\/wp-json\/wp\/v2\/media?parent=53775"}],"wp:term":[{"taxonomy":"category","embeddable":true,"href":"https:\/\/tvc16.com\/portal\/wp-json\/wp\/v2\/categories?post=53775"},{"taxonomy":"post_tag","embeddable":true,"href":"https:\/\/tvc16.com\/portal\/wp-json\/wp\/v2\/tags?post=53775"}],"curies":[{"name":"wp","href":"https:\/\/api.w.org\/{rel}","templated":true}]}}