{"id":53783,"date":"2023-02-18T20:17:18","date_gmt":"2023-02-18T23:17:18","guid":{"rendered":"https:\/\/tvc16.com\/portal\/?p=53783"},"modified":"2023-02-18T20:17:19","modified_gmt":"2023-02-18T23:17:19","slug":"cachoeiras-de-macacu-abre-o-primeiro-carnaval-sustentavel-do-estado","status":"publish","type":"post","link":"https:\/\/tvc16.com\/portal\/2023\/02\/18\/cachoeiras-de-macacu-abre-o-primeiro-carnaval-sustentavel-do-estado\/","title":{"rendered":"<strong>Cachoeiras de Macacu abre o primeiro Carnaval Sustent\u00e1vel do estado<\/strong>"},"content":{"rendered":"\n<p>Capital ecol\u00f3gica do Rio de Janeiro, a cidade de Cachoeiras de Macacu abriu alas para a folia aliando o meio ambiente \u00e0 cultura. O munic\u00edpio realiza, este ano, o primeiro carnaval sustent\u00e1vel em parceria com o Governo do Estado, por meio da Secretaria de Estado de Cultura e Economia Criativa, e o projeto Sustenta Carnaval.<\/p>\n\n\n\n<p>Cachoeiras de Macacu possui cerca de 54% de Mata Atl\u00e2ntica preservada e foi usada como modelo para a realiza\u00e7\u00e3o do \u2018Carnaval Sustent\u00e1vel 2023\u2019. A a\u00e7\u00e3o reutiliza fantasias usadas no Carnaval 2022, nos desfiles das Escolas de Samba das S\u00e9ries Ouro e Especial, que foram deixadas na \u00e1rea de dispers\u00e3o da Marqu\u00eas de Sapuca\u00ed. Ao utilizar, reutilizar e transformar as fantasias e adere\u00e7os, o foli\u00e3o contribui para a redu\u00e7\u00e3o de carbono, reduzindo os impactos negativos no ambiente.<\/p>\n\n\n\n<p>&#8211; Aliar cultura e sustentabilidade, al\u00e9m de trazer ganhos para o meio ambiente, tamb\u00e9m \u00e9 uma forma de dar visibilidade \u00e0 causa ambiental. Esse projeto traz conscientiza\u00e7\u00e3o sobre o tema e ainda serve de exemplo a outros munic\u00edpios \u2013 diz o governador Cl\u00e1udio Castro.<\/p>\n\n\n\n<p>O lan\u00e7amento da festa &#8220;A Nossa Alegria nos Sustenta&#8221; contou com a presen\u00e7a da secret\u00e1ria de Estado de Cultura e Economia Criativa, Danielle Barros, do prefeito Rafael Miranda e autoridades municipais, na Avenida Governador Roberto Silveira, no Centro da cidade.<\/p>\n\n\n\n<p>&#8211; Estamos aliando cultura e sustentabilidade, numa campanha de conscientiza\u00e7\u00e3o que envolve o carnaval da Sapuca\u00ed, com materiais que brilharam na avenida e que ganham um novo significado, promovendo o carnaval do Interior. Cachoeiras de Macacu j\u00e1 \u00e9 um exemplo no cuidado do meio ambiente e agora ganha este destaque tamb\u00e9m no Carnaval &#8211; ressalta a secret\u00e1ria de Estado de Cultura e Economia Criativa do Rio de Janeiro, Danielle Barros.<\/p>\n","protected":false},"excerpt":{"rendered":"<p>Capital ecol\u00f3gica do Rio de Janeiro, a cidade de Cachoeiras de Macacu abriu alas para<\/p>\n","protected":false},"author":2,"featured_media":53784,"comment_status":"open","ping_status":"open","sticky":false,"template":"","format":"standard","meta":{"footnotes":""},"categories":[21,264,18,17],"tags":[],"class_list":["post-53783","post","type-post","status-publish","format-standard","has-post-thumbnail","hentry","category-cultura","category-destaque","category-economia","category-outras-noticias"],"_links":{"self":[{"href":"https:\/\/tvc16.com\/portal\/wp-json\/wp\/v2\/posts\/53783","targetHints":{"allow":["GET"]}}],"collection":[{"href":"https:\/\/tvc16.com\/portal\/wp-json\/wp\/v2\/posts"}],"about":[{"href":"https:\/\/tvc16.com\/portal\/wp-json\/wp\/v2\/types\/post"}],"author":[{"embeddable":true,"href":"https:\/\/tvc16.com\/portal\/wp-json\/wp\/v2\/users\/2"}],"replies":[{"embeddable":true,"href":"https:\/\/tvc16.com\/portal\/wp-json\/wp\/v2\/comments?post=53783"}],"version-history":[{"count":1,"href":"https:\/\/tvc16.com\/portal\/wp-json\/wp\/v2\/posts\/53783\/revisions"}],"predecessor-version":[{"id":53785,"href":"https:\/\/tvc16.com\/portal\/wp-json\/wp\/v2\/posts\/53783\/revisions\/53785"}],"wp:featuredmedia":[{"embeddable":true,"href":"https:\/\/tvc16.com\/portal\/wp-json\/wp\/v2\/media\/53784"}],"wp:attachment":[{"href":"https:\/\/tvc16.com\/portal\/wp-json\/wp\/v2\/media?parent=53783"}],"wp:term":[{"taxonomy":"category","embeddable":true,"href":"https:\/\/tvc16.com\/portal\/wp-json\/wp\/v2\/categories?post=53783"},{"taxonomy":"post_tag","embeddable":true,"href":"https:\/\/tvc16.com\/portal\/wp-json\/wp\/v2\/tags?post=53783"}],"curies":[{"name":"wp","href":"https:\/\/api.w.org\/{rel}","templated":true}]}}