{"id":53786,"date":"2023-02-19T08:00:00","date_gmt":"2023-02-19T11:00:00","guid":{"rendered":"https:\/\/tvc16.com\/portal\/?p=53786"},"modified":"2023-02-18T20:21:48","modified_gmt":"2023-02-18T23:21:48","slug":"detran-rj-leva-para-a-sapucai-carro-simulador-de-capotamento","status":"publish","type":"post","link":"https:\/\/tvc16.com\/portal\/2023\/02\/19\/detran-rj-leva-para-a-sapucai-carro-simulador-de-capotamento\/","title":{"rendered":"<strong>Detran.RJ leva para a Sapuca\u00ed carro simulador de capotamento<\/strong>"},"content":{"rendered":"\n<p>Com o tema \u2018Unidos da Folia\u2019, a caravana de Carnaval 2023 do Detran.RJ vai desfilar na Marqu\u00eas de Sapuca\u00ed nos dias 18, 19, 20 e 25 de fevereiro.&nbsp; O departamento, em parceria com a concession\u00e1ria Ecoponte, estar\u00e1 na passarela do samba com uma novidade para os foli\u00f5es: um carro simulador de capotamento.<\/p>\n\n\n\n<figure class=\"wp-block-image size-large\"><img loading=\"lazy\" decoding=\"async\" width=\"1024\" height=\"643\" src=\"https:\/\/tvc16.com\/portal\/wp-content\/uploads\/2023\/02\/DETRAN-2-1024x643.jpeg\" alt=\"\" class=\"wp-image-53788\" srcset=\"https:\/\/tvc16.com\/portal\/wp-content\/uploads\/2023\/02\/DETRAN-2-1024x643.jpeg 1024w, https:\/\/tvc16.com\/portal\/wp-content\/uploads\/2023\/02\/DETRAN-2-300x188.jpeg 300w, https:\/\/tvc16.com\/portal\/wp-content\/uploads\/2023\/02\/DETRAN-2-768x482.jpeg 768w, https:\/\/tvc16.com\/portal\/wp-content\/uploads\/2023\/02\/DETRAN-2.jpeg 1277w\" sizes=\"auto, (max-width: 1024px) 100vw, 1024px\" \/><\/figure>\n\n\n\n<p>O simulador d\u00e1 tr\u00eas voltas no seu pr\u00f3prio eixo e demonstra a import\u00e2ncia do uso do cinto de seguran\u00e7a, j\u00e1 que o ocupante fica im\u00f3vel no banco, gra\u00e7as ao equipamento do ve\u00edculo. Durante a a\u00e7\u00e3o, \u00e9 poss\u00edvel que os ocupantes sintam a sensa\u00e7\u00e3o de movimento desordenado do ve\u00edculo que, junto ao uso de \u00f3culos de realidade virtual \u2013 que simulam um trajeto real de tr\u00e2nsito &#8211; intensifica a sensa\u00e7\u00e3o de perda de controle e capotamento.<\/p>\n\n\n\n<figure class=\"wp-block-image size-full\"><img loading=\"lazy\" decoding=\"async\" width=\"727\" height=\"748\" src=\"https:\/\/tvc16.com\/portal\/wp-content\/uploads\/2023\/02\/DETRAN-3.jpeg\" alt=\"\" class=\"wp-image-53789\" srcset=\"https:\/\/tvc16.com\/portal\/wp-content\/uploads\/2023\/02\/DETRAN-3.jpeg 727w, https:\/\/tvc16.com\/portal\/wp-content\/uploads\/2023\/02\/DETRAN-3-292x300.jpeg 292w\" sizes=\"auto, (max-width: 727px) 100vw, 727px\" \/><\/figure>\n\n\n\n<p>Outras atividades educativas de conscientiza\u00e7\u00e3o ser\u00e3o realizadas pela equipe de Educa\u00e7\u00e3o para o Tr\u00e2nsito do \u00f3rg\u00e3o, que vai levar para a avenida muita informa\u00e7\u00e3o aos foli\u00f5es, com a\u00e7\u00f5es l\u00fadicas para evitar a perigosa mistura bebida e dire\u00e7\u00e3o.<\/p>\n\n\n\n<p>&#8211; Estamos mais um ano na avenida levando mensagens de conscientiza\u00e7\u00e3o aos foli\u00f5es sobre a import\u00e2ncia da dire\u00e7\u00e3o segura. No maior espet\u00e1culo da Terra \u00e9 necess\u00e1rio que todos cheguem e saiam com seguran\u00e7a, seguindo todas as regras para transformar o tr\u00e2nsito em um ambiente de paz e alegria &#8211; afirma o presidente do Detran.RJ, Adolfo Konder.<\/p>\n\n\n\n<p>Ao final da simula\u00e7\u00e3o, os agentes de tr\u00e2nsito do Detran.RJ distribuir\u00e3o brindes educativos e orientar\u00e3o os foli\u00f5es sobre outras medidas corretas para um tr\u00e2nsito seguro.<\/p>\n\n\n\n<p>&#8211; Nestes dias de folia, \u00e9 necess\u00e1rio intensificar as a\u00e7\u00f5es educativas e levar conscientiza\u00e7\u00e3o para os cidad\u00e3os. Nossa parceria com a EcoPonte est\u00e1 proporcionando uma experi\u00eancia diferente para que o foli\u00e3o sinta a verdadeira sensa\u00e7\u00e3o de uma capotagem &#8211; explica o coordenador de Educa\u00e7\u00e3o para o Tr\u00e2nsito do Detran.RJ, Fellipe Santos.<\/p>\n\n\n\n<p>A a\u00e7\u00e3o do Detran.RJ ser\u00e1 na Marqu\u00eas de Sapuca\u00ed, na altura do Setor 2, das 19h \u00e0s 22h, nos dias 18, 19, 20 e 25 de fevereiro.<\/p>\n","protected":false},"excerpt":{"rendered":"<p>Com o tema \u2018Unidos da Folia\u2019, a caravana de Carnaval 2023 do Detran.RJ vai desfilar<\/p>\n","protected":false},"author":2,"featured_media":53787,"comment_status":"open","ping_status":"open","sticky":false,"template":"","format":"standard","meta":{"footnotes":""},"categories":[264,18,19,17,14,13],"tags":[],"class_list":["post-53786","post","type-post","status-publish","format-standard","has-post-thumbnail","hentry","category-destaque","category-economia","category-educacao","category-outras-noticias","category-pais","category-saude"],"_links":{"self":[{"href":"https:\/\/tvc16.com\/portal\/wp-json\/wp\/v2\/posts\/53786","targetHints":{"allow":["GET"]}}],"collection":[{"href":"https:\/\/tvc16.com\/portal\/wp-json\/wp\/v2\/posts"}],"about":[{"href":"https:\/\/tvc16.com\/portal\/wp-json\/wp\/v2\/types\/post"}],"author":[{"embeddable":true,"href":"https:\/\/tvc16.com\/portal\/wp-json\/wp\/v2\/users\/2"}],"replies":[{"embeddable":true,"href":"https:\/\/tvc16.com\/portal\/wp-json\/wp\/v2\/comments?post=53786"}],"version-history":[{"count":1,"href":"https:\/\/tvc16.com\/portal\/wp-json\/wp\/v2\/posts\/53786\/revisions"}],"predecessor-version":[{"id":53790,"href":"https:\/\/tvc16.com\/portal\/wp-json\/wp\/v2\/posts\/53786\/revisions\/53790"}],"wp:featuredmedia":[{"embeddable":true,"href":"https:\/\/tvc16.com\/portal\/wp-json\/wp\/v2\/media\/53787"}],"wp:attachment":[{"href":"https:\/\/tvc16.com\/portal\/wp-json\/wp\/v2\/media?parent=53786"}],"wp:term":[{"taxonomy":"category","embeddable":true,"href":"https:\/\/tvc16.com\/portal\/wp-json\/wp\/v2\/categories?post=53786"},{"taxonomy":"post_tag","embeddable":true,"href":"https:\/\/tvc16.com\/portal\/wp-json\/wp\/v2\/tags?post=53786"}],"curies":[{"name":"wp","href":"https:\/\/api.w.org\/{rel}","templated":true}]}}