{"id":53797,"date":"2023-02-19T12:00:00","date_gmt":"2023-02-19T15:00:00","guid":{"rendered":"https:\/\/tvc16.com\/portal\/?p=53797"},"modified":"2023-02-18T22:15:10","modified_gmt":"2023-02-19T01:15:10","slug":"ibaneis-pede-que-apoiadores-nao-facam-atos-por-seu-retorno-ao-governo-do-df","status":"publish","type":"post","link":"https:\/\/tvc16.com\/portal\/2023\/02\/19\/ibaneis-pede-que-apoiadores-nao-facam-atos-por-seu-retorno-ao-governo-do-df\/","title":{"rendered":"Ibaneis pede que apoiadores n\u00e3o fa\u00e7am atos por seu retorno ao governo do DF"},"content":{"rendered":"\n<p>Governador afastado do Distrito Federal, Ibaneis Rocha (MDB) falou neste s\u00e1bado de Carnaval (18) que confia na Justi\u00e7a e pediu que seus apoiadores n\u00e3o participem de movimentos exigindo a volta dele ao Pal\u00e1cio do Buriti.<br>Uma manifesta\u00e7\u00e3o com essa pauta foi marcada e preocupou a seguran\u00e7a local por receio de novos conflitos em Bras\u00edlia, ap\u00f3s os atos golpistas de 8 de janeiro.<br>&#8220;Tenho visto que algumas pessoas querem preparar atos p\u00fablicos de apoio a mim, mas pe\u00e7o que n\u00e3o o fa\u00e7am, que confiem na Justi\u00e7a como eu confio e que aguardem a apura\u00e7\u00e3o dos fatos com a calma e serenidade que o momento exige&#8221;, disse Ibaneis Rocha em post nas redes sociais.<br>A vice-governadora do DF, Celina Le\u00e3o (PP), assumiu o cargo de Ibaneis no m\u00eas passado.<br>Veja a cronologia do afastamento de Ibaneis:<\/p>\n\n\n\n<ul class=\"wp-block-list\">\n<li>13 de janeiro: Moraes abriu inqu\u00e9rito para apurar a conduta de Ibaneis e de Anderson Torres, ex-ministro de Bolsonaro e ex-secret\u00e1rio de Seguran\u00e7a do DF, durante os atos golpistas do dia 8 de janeiro.<\/li>\n\n\n\n<li>No mesmo dia: O governador afastado prestou depoimento \u00e0 Pol\u00edcia Federal e disse que a responsabilidade de garantir a seguran\u00e7a na capital federal era integralmente da Secretaria de Seguran\u00e7a, ocupada por Torres.<\/li>\n\n\n\n<li>20 de janeiro: A Pol\u00edcia Federal cumpriu mandados de busca e apreens\u00e3o em endere\u00e7os de Ibaneis Rocha e na casa do ex-secret\u00e1rio executivo da Secretaria de Seguran\u00e7a P\u00fablica do Distrito Federal Fernando de Souza Oliveira.<\/li>\n\n\n\n<li>23 de janeiro: A Pol\u00edcia Federal recebeu o celular do governador afastado.<\/li>\n\n\n\n<li>9 de fevereiro: Parte das mensagens encontradas foram divulgadas e, nisso, a pol\u00edcia concluiu que Ibaneis n\u00e3o agiu para mudar o planejamento da Seguran\u00e7a P\u00fablica frente ao an\u00fancio dos atos de bolsonaristas, e que tamb\u00e9m n\u00e3o impediu que as for\u00e7as policiais agissem para conter os invasores dos Tr\u00eas Poderes.<\/li>\n\n\n\n<li>Horas mais tarde, a defesa dele pediu ao STF para que Ibaneis tivesse &#8220;imediato retorno&#8221; ao cargo.<\/li>\n<\/ul>\n","protected":false},"excerpt":{"rendered":"<p>Governador afastado do Distrito Federal, Ibaneis Rocha (MDB) falou neste s\u00e1bado de Carnaval (18) que<\/p>\n","protected":false},"author":2,"featured_media":53798,"comment_status":"open","ping_status":"open","sticky":false,"template":"","format":"standard","meta":{"footnotes":""},"categories":[17,14,15],"tags":[],"class_list":["post-53797","post","type-post","status-publish","format-standard","has-post-thumbnail","hentry","category-outras-noticias","category-pais","category-politica"],"_links":{"self":[{"href":"https:\/\/tvc16.com\/portal\/wp-json\/wp\/v2\/posts\/53797","targetHints":{"allow":["GET"]}}],"collection":[{"href":"https:\/\/tvc16.com\/portal\/wp-json\/wp\/v2\/posts"}],"about":[{"href":"https:\/\/tvc16.com\/portal\/wp-json\/wp\/v2\/types\/post"}],"author":[{"embeddable":true,"href":"https:\/\/tvc16.com\/portal\/wp-json\/wp\/v2\/users\/2"}],"replies":[{"embeddable":true,"href":"https:\/\/tvc16.com\/portal\/wp-json\/wp\/v2\/comments?post=53797"}],"version-history":[{"count":1,"href":"https:\/\/tvc16.com\/portal\/wp-json\/wp\/v2\/posts\/53797\/revisions"}],"predecessor-version":[{"id":53799,"href":"https:\/\/tvc16.com\/portal\/wp-json\/wp\/v2\/posts\/53797\/revisions\/53799"}],"wp:featuredmedia":[{"embeddable":true,"href":"https:\/\/tvc16.com\/portal\/wp-json\/wp\/v2\/media\/53798"}],"wp:attachment":[{"href":"https:\/\/tvc16.com\/portal\/wp-json\/wp\/v2\/media?parent=53797"}],"wp:term":[{"taxonomy":"category","embeddable":true,"href":"https:\/\/tvc16.com\/portal\/wp-json\/wp\/v2\/categories?post=53797"},{"taxonomy":"post_tag","embeddable":true,"href":"https:\/\/tvc16.com\/portal\/wp-json\/wp\/v2\/tags?post=53797"}],"curies":[{"name":"wp","href":"https:\/\/api.w.org\/{rel}","templated":true}]}}