{"id":53800,"date":"2023-02-19T16:00:00","date_gmt":"2023-02-19T19:00:00","guid":{"rendered":"https:\/\/tvc16.com\/portal\/?p=53800"},"modified":"2023-02-18T22:24:35","modified_gmt":"2023-02-19T01:24:35","slug":"estatisticas-da-covid-serao-atualizadas-semanalmente-a-partir-de-marco","status":"publish","type":"post","link":"https:\/\/tvc16.com\/portal\/2023\/02\/19\/estatisticas-da-covid-serao-atualizadas-semanalmente-a-partir-de-marco\/","title":{"rendered":"Estat\u00edsticas da covid ser\u00e3o atualizadas semanalmente a partir\u00a0de mar\u00e7o"},"content":{"rendered":"\n<p><em>Wellton M\u00e1ximo \u2013 Ag\u00eancia Brasil &#8211; Bras\u00edlia<\/em><\/p>\n\n\n\n<p>A partir de&nbsp;3 de mar\u00e7o, o Minist\u00e9rio da Sa\u00fade divulgar\u00e1 semanalmente as estat\u00edsticas de casos e de mortes de covid-19, informou a pasta. O novo intervalo tamb\u00e9m vale para os estados e os munic\u00edpios, que enviar\u00e3o os n\u00fameros ao minist\u00e9rio uma vez por semana, as segundas ou&nbsp;ter\u00e7as-feiras.<br><br>O minist\u00e9rio apresentar\u00e1 as estat\u00edsticas \u00e0s&nbsp;ter\u00e7as. Em nota, o Minist\u00e9rio da Sa\u00fade justificou que a estrat\u00e9gia ser\u00e1 adotada \u201cpara otimizar o trabalho das equipes de vigil\u00e2ncia dos munic\u00edpios, dos estados e dos minist\u00e9rios\u201d. Segundo a pasta, a medida foi pactuada na&nbsp;segunda&nbsp;reuni\u00e3o ordin\u00e1ria da Comiss\u00e3o Intergestores Tripartite (CIT), com aval do Conselho Nacional de Secret\u00e1rios de Sa\u00fade (Conass) e do Conselho Nacional de Secretarias Municipais de Sa\u00fade (Conasems).<br><br>O Conass informou que, em&nbsp;3 de mar\u00e7o, completar\u00e1&nbsp;mil dias que o \u00f3rg\u00e3o, composto pelos secret\u00e1rios estaduais de Sa\u00fade, atualizar\u00e1 as estat\u00edsticas de forma ininterrupta. A divulga\u00e7\u00e3o di\u00e1ria come\u00e7ou ap\u00f3s o Minist\u00e9rio da Sa\u00fade tentar mudar a forma de contagem de casos no in\u00edcio da pandemia, no governo passado.<br><br>Segundo o Minist\u00e9rio da Sa\u00fade, apenas o prazo de atualiza\u00e7\u00e3o aumentar\u00e1. A popula\u00e7\u00e3o continuar\u00e1 a&nbsp;ter&nbsp;acesso aberto \u00e0s bases de dados da covid-19 nos sistemas&nbsp;<a href=\"https:\/\/opendatasus.saude.gov.br\/\" target=\"_blank\" rel=\"noreferrer noopener\">openDataSUS<\/a>&nbsp;e&nbsp;<a href=\"https:\/\/www.gov.br\/saude\/pt-br\/composicao\/seidigi\/demas\" target=\"_blank\" rel=\"noreferrer noopener\">LocalizaSUS<\/a>, al\u00e9m das estat\u00edsticas divulgadas na p\u00e1gina do minist\u00e9rio da internet. O novo cronograma, informou o comunicado, facilitar\u00e1 o trabalho dos estados mantendo o acesso aos dados de forma detalhada e otimizada.<br><br>De acordo com o diretor do Departamento de Imuniza\u00e7\u00e3o do Minist\u00e9rio da Sa\u00fade, Eder Gatti, os profissionais continuam orientados a notificar os casos e os sintomas da forma mais r\u00e1pida e oportuna poss\u00edvel. Os dados continuar\u00e3o a ser inseridos o mais r\u00e1pido poss\u00edvel nos sistemas. Apenas a compila\u00e7\u00e3o e a divulga\u00e7\u00e3o dos n\u00fameros passar\u00e3o a ser semanais.<br><br>Das 27 unidades da Federa\u00e7\u00e3o, informou o Minist\u00e9rio da Sa\u00fade, apenas nove enviam n\u00fameros das estat\u00edsticas de covid-19 diariamente. As 18 restantes deixaram de atualizar os dados aos fins de semana, por falta de pessoal. Como resultado, as estat\u00edsticas registram flutua\u00e7\u00e3o ao longo da semana, com as estat\u00edsticas caindo aos fins de semana e registrando picos na&nbsp;ter\u00e7a e na&nbsp;quarta-feira. A discrep\u00e2ncia, at\u00e9 agora, tem sido corrigida pelas m\u00e9dias m\u00f3veis.<img decoding=\"async\" src=\"https:\/\/agenciabrasil.ebc.com.br\/ebc.png?id=1511543&amp;o=node\"><img decoding=\"async\" src=\"https:\/\/agenciabrasil.ebc.com.br\/ebc.gif?id=1511543&amp;o=node\"><\/p>\n\n\n\n<h2 class=\"wp-block-heading\">Confira o novo cronograma<\/h2>\n\n\n\n<p>\u2022 &nbsp; &nbsp;Interrup\u00e7\u00e3o dos informes di\u00e1rios: 3 de mar\u00e7o<br>\u2022 &nbsp; &nbsp;Data proposta para envio da primeira remessa de dados semanais pelos estados: 6 a 7 de mar\u00e7o (segunda e ter\u00e7a-feira)<br>\u2022 &nbsp; &nbsp;Publica\u00e7\u00e3o do primeiro informe semanal dos dados da covid-19 nos pain\u00e9is de monitoramento do Minist\u00e9rio da Sa\u00fade: 7 de mar\u00e7o (ter\u00e7a-feira)<\/p>\n","protected":false},"excerpt":{"rendered":"<p>Wellton M\u00e1ximo \u2013 Ag\u00eancia Brasil &#8211; Bras\u00edlia A partir de&nbsp;3 de mar\u00e7o, o Minist\u00e9rio da<\/p>\n","protected":false},"author":2,"featured_media":53801,"comment_status":"open","ping_status":"open","sticky":false,"template":"","format":"standard","meta":{"footnotes":""},"categories":[17,14,13],"tags":[],"class_list":["post-53800","post","type-post","status-publish","format-standard","has-post-thumbnail","hentry","category-outras-noticias","category-pais","category-saude"],"_links":{"self":[{"href":"https:\/\/tvc16.com\/portal\/wp-json\/wp\/v2\/posts\/53800","targetHints":{"allow":["GET"]}}],"collection":[{"href":"https:\/\/tvc16.com\/portal\/wp-json\/wp\/v2\/posts"}],"about":[{"href":"https:\/\/tvc16.com\/portal\/wp-json\/wp\/v2\/types\/post"}],"author":[{"embeddable":true,"href":"https:\/\/tvc16.com\/portal\/wp-json\/wp\/v2\/users\/2"}],"replies":[{"embeddable":true,"href":"https:\/\/tvc16.com\/portal\/wp-json\/wp\/v2\/comments?post=53800"}],"version-history":[{"count":1,"href":"https:\/\/tvc16.com\/portal\/wp-json\/wp\/v2\/posts\/53800\/revisions"}],"predecessor-version":[{"id":53802,"href":"https:\/\/tvc16.com\/portal\/wp-json\/wp\/v2\/posts\/53800\/revisions\/53802"}],"wp:featuredmedia":[{"embeddable":true,"href":"https:\/\/tvc16.com\/portal\/wp-json\/wp\/v2\/media\/53801"}],"wp:attachment":[{"href":"https:\/\/tvc16.com\/portal\/wp-json\/wp\/v2\/media?parent=53800"}],"wp:term":[{"taxonomy":"category","embeddable":true,"href":"https:\/\/tvc16.com\/portal\/wp-json\/wp\/v2\/categories?post=53800"},{"taxonomy":"post_tag","embeddable":true,"href":"https:\/\/tvc16.com\/portal\/wp-json\/wp\/v2\/tags?post=53800"}],"curies":[{"name":"wp","href":"https:\/\/api.w.org\/{rel}","templated":true}]}}