{"id":53806,"date":"2023-02-19T13:00:00","date_gmt":"2023-02-19T16:00:00","guid":{"rendered":"https:\/\/tvc16.com\/portal\/?p=53806"},"modified":"2023-02-18T22:38:26","modified_gmt":"2023-02-19T01:38:26","slug":"mamae-eu-quero-foi-marcha-mais-tocada-no-carnaval-nos-ultimos-5-anos","status":"publish","type":"post","link":"https:\/\/tvc16.com\/portal\/2023\/02\/19\/mamae-eu-quero-foi-marcha-mais-tocada-no-carnaval-nos-ultimos-5-anos\/","title":{"rendered":"Mam\u00e3e eu quero foi marcha mais tocada no carnaval nos \u00faltimos 5 anos"},"content":{"rendered":"\n<p><em>Alana Gandra &#8211; Ag\u00eancia Brasil &#8211; Rio de Janeiro<\/em><\/p>\n\n\n\n<p>As tradicionais marchinhas carnavalescas foram as mais tocadas durante a festa de Momo no Brasil, nos \u00faltimos cinco anos. O levantamento foi feito pelo Escrit\u00f3rio Central de Arrecada\u00e7\u00e3o e Distribui\u00e7\u00e3o (Ecad).<img decoding=\"async\" src=\"https:\/\/agenciabrasil.ebc.com.br\/ebc.png?id=1511520&amp;o=node\"><img decoding=\"async\" src=\"https:\/\/agenciabrasil.ebc.com.br\/ebc.gif?id=1511520&amp;o=node\"><\/p>\n\n\n\n<p>A lideran\u00e7a ficou com&nbsp;<em>Mam\u00e3e eu quero<\/em>, de autoria de Jararaca e Vicente Paiva. Em segundo e terceiro lugares, aparecem&nbsp;<em>Me d\u00e1 um dinheiro a\u00ed<\/em>, de Ivan Ferreira, Homero Ferreira e Glauco Ferreira, e&nbsp;<em>A jardineira<\/em>, de autoria de Benedito Lacerda e Humberto Carlos Porto. Na&nbsp;quarta&nbsp;e&nbsp;quinta&nbsp;posi\u00e7\u00f5es est\u00e3o&nbsp;<em>Cabeleira do Zez\u00e9<\/em>, de Jo\u00e3o Roberto Kelly e Roberto Faissal; e&nbsp;<em>Marcha do remador<\/em>, de Castelo e Antonio Almeida.<\/p>\n\n\n\n<p>Seguem-se, pela ordem:&nbsp;<em>O teu cabelo n\u00e3o nega<\/em>, de Jo\u00e3o Valen\u00e7a, Raul Do Rego Valen\u00e7a e Lamartine Babo;&nbsp;<em>Allah-la-\u00f4<\/em>, de Haroldo Lobo e Antonio Nassara;&nbsp;<em>Ta-hi<\/em>, de Joubert de Carvalho;&nbsp;<em>Cidade maravilhosa<\/em>, de Andre Filho;&nbsp;<em>\u00cdndio quer apito<\/em>, de Milton de Oliveira e Haroldo Lobo;&nbsp;<em>Cacha\u00e7a<\/em>, de Lucio de Castro, Heber Lobato, Marinosio Filho e Mirabeau;&nbsp;<em>Maria sapat\u00e3o<\/em>, de Jo\u00e3o Roberto Kelly, Carlos, Chacrinha e Leleco;&nbsp;<em>Marcha da cueca<\/em>, de Celso Teixeira, Livardo Alves da Costa e Carlos Mendes;&nbsp;<em>Quem sabe, sabe<\/em>, de Jota Sandoval e Carvalinho;&nbsp;<em>Saca-rolha<\/em>, de Z\u00e9 Da Zilda , Zilda Do Z\u00e9 e Waldir Machado;&nbsp;<em>Vassourinhas<\/em>, de Batista Ramos e Mathias da Rocha;&nbsp;<em>Sassaricando<\/em>, de Luiz Antonio, Candeias Jota Jr., Castelo e Mario Gusm\u00e3o Antunes;&nbsp;<em>N\u00e3o quero dinheiro<\/em>, de Tim Maia;&nbsp;<em>N\u00f3s os carecas<\/em>, de A.Marques Jr. e Roberto Roberti; e, em vig\u00e9simo lugar,&nbsp;<em>Mulata i\u00ea i\u00ea i\u00ea<\/em>, de Jo\u00e3o Roberto Kelly.<\/p>\n\n\n\n<h2 class=\"wp-block-heading\">Campanha<\/h2>\n\n\n\n<p>O Ecad&nbsp;est\u00e1 fazendo campanha para refor\u00e7ar a import\u00e2ncia do pagamento dos direitos autorais de execu\u00e7\u00e3o p\u00fablica em eventos e&nbsp;<em>shows<\/em>&nbsp;realizados em todo o pa\u00eds durante o carnaval. Intitulada&nbsp;<em>Com m\u00fasica, a folia fica melhor<\/em>, a campanha tem o objetivo de&nbsp;esclarecer, para quem utiliza a m\u00fasica, a import\u00e2ncia de fazer&nbsp;o licenciamento pr\u00e9vio, que vai remunerar quem vive de m\u00fasica.<\/p>\n\n\n\n<p>A campanha \u00e9 destinada a usu\u00e1rios de m\u00fasica, promotores de eventos, bailes e blocos. No&nbsp;<a href=\"https:\/\/www4.ecad.org.br\/\" target=\"_blank\" rel=\"noreferrer noopener\"><em>site<\/em>&nbsp;oficial<\/a>&nbsp;da institui\u00e7\u00e3o, podem ser obtidas todas as informa\u00e7\u00f5es sobre como deve ser feito o licenciamento dos eventos.<\/p>\n\n\n\n<p>A distribui\u00e7\u00e3o de direitos autorais contempla autores, int\u00e9rpretes, m\u00fasicos, editores e produtores fonogr\u00e1ficos. A identifica\u00e7\u00e3o das m\u00fasicas \u00e9 feita pelo Ecad por meio de grava\u00e7\u00f5es de eventos carnavalescos e festejos populares, incluindo bailes realizados antes e depois do per\u00edodo de carnaval, al\u00e9m da utiliza\u00e7\u00e3o de roteiros musicais enviados por promotores de eventos para a institui\u00e7\u00e3o.<\/p>\n\n\n\n<p>No \u00faltimo carnaval realizado no Brasil sem as restri\u00e7\u00f5es sanit\u00e1rias impostas pela pandemia da covid-19, em 2020, o Ecad&nbsp;distribuiu R$ 24 milh\u00f5es em direitos autorais para mais de 14 mil artistas.&nbsp;<\/p>\n","protected":false},"excerpt":{"rendered":"<p>Alana Gandra &#8211; Ag\u00eancia Brasil &#8211; Rio de Janeiro As tradicionais marchinhas carnavalescas foram as<\/p>\n","protected":false},"author":2,"featured_media":53807,"comment_status":"open","ping_status":"open","sticky":false,"template":"","format":"standard","meta":{"footnotes":""},"categories":[264,17,14],"tags":[],"class_list":["post-53806","post","type-post","status-publish","format-standard","has-post-thumbnail","hentry","category-destaque","category-outras-noticias","category-pais"],"_links":{"self":[{"href":"https:\/\/tvc16.com\/portal\/wp-json\/wp\/v2\/posts\/53806","targetHints":{"allow":["GET"]}}],"collection":[{"href":"https:\/\/tvc16.com\/portal\/wp-json\/wp\/v2\/posts"}],"about":[{"href":"https:\/\/tvc16.com\/portal\/wp-json\/wp\/v2\/types\/post"}],"author":[{"embeddable":true,"href":"https:\/\/tvc16.com\/portal\/wp-json\/wp\/v2\/users\/2"}],"replies":[{"embeddable":true,"href":"https:\/\/tvc16.com\/portal\/wp-json\/wp\/v2\/comments?post=53806"}],"version-history":[{"count":1,"href":"https:\/\/tvc16.com\/portal\/wp-json\/wp\/v2\/posts\/53806\/revisions"}],"predecessor-version":[{"id":53808,"href":"https:\/\/tvc16.com\/portal\/wp-json\/wp\/v2\/posts\/53806\/revisions\/53808"}],"wp:featuredmedia":[{"embeddable":true,"href":"https:\/\/tvc16.com\/portal\/wp-json\/wp\/v2\/media\/53807"}],"wp:attachment":[{"href":"https:\/\/tvc16.com\/portal\/wp-json\/wp\/v2\/media?parent=53806"}],"wp:term":[{"taxonomy":"category","embeddable":true,"href":"https:\/\/tvc16.com\/portal\/wp-json\/wp\/v2\/categories?post=53806"},{"taxonomy":"post_tag","embeddable":true,"href":"https:\/\/tvc16.com\/portal\/wp-json\/wp\/v2\/tags?post=53806"}],"curies":[{"name":"wp","href":"https:\/\/api.w.org\/{rel}","templated":true}]}}