{"id":53809,"date":"2023-02-19T14:00:00","date_gmt":"2023-02-19T17:00:00","guid":{"rendered":"https:\/\/tvc16.com\/portal\/?p=53809"},"modified":"2023-02-18T23:23:58","modified_gmt":"2023-02-19T02:23:58","slug":"camara-derruba-veto-do-municipio-e-proibe-em-unidades-de-ensino-flexao-de-genero","status":"publish","type":"post","link":"https:\/\/tvc16.com\/portal\/2023\/02\/19\/camara-derruba-veto-do-municipio-e-proibe-em-unidades-de-ensino-flexao-de-genero\/","title":{"rendered":"C\u00e2mara derruba veto do munic\u00edpio e pro\u00edbe em unidades de ensino flex\u00e3o de g\u00eanero"},"content":{"rendered":"\n<p>A C\u00e2mara de Petr\u00f3polis derrubou na \u00faltima ter\u00e7a-feira (14) o veto do governo municipal ao Projeto de Lei de autoria dos vereadores Octavio Sampaio, Mauro Peralta e Marcelo Lessa que proibiu institui\u00e7\u00f5es de ensino e bancas examinadoras de processos seletivos e concursos p\u00fablicos a utilizarem na grade curricular, material did\u00e1tico ou em editais novas formas de flex\u00e3o de g\u00eanero e de n\u00famero. O projeto estabelece obrigatoriedade do uso das regras gramaticais consolidadas, vetando a chamada linguagem neutra nestes materiais.<br>O vereador Octavio Sampaio defende que, embora a l\u00edngua seja um instrumento vivo e em constante evolu\u00e7\u00e3o, fruto da ordem espont\u00e2nea produzida pela intera\u00e7\u00e3o de milhares de indiv\u00edduos ao longo de s\u00e9culos, suas regras devem ser constantes e previs\u00edveis. \u201cA l\u00edngua de um povo \u00e9 elemento indissoci\u00e1vel da cultura, dos valores, da identidade e da hist\u00f3ria comum, n\u00e3o devendo ser modificada pelo uso da for\u00e7a ou do vi\u00e9s pol\u00edtico-ideol\u00f3gico\u201d, diz.<br>&#8220;Quero refor\u00e7ar aqui a nossa preocupa\u00e7\u00e3o com o preju\u00edzo aos disl\u00e9xicos, deficientes visuais e auditivos que somam mais de 45 milh\u00f5es de brasileiros e que ser\u00e3o atingidos em cheio. Os disl\u00e9xicos, por exemplo, t\u00eam dificuldades de leitura, escrita e soletra\u00e7\u00e3o, um problema que a linguagem neutra tende a piorar&#8221;, refor\u00e7a Sampaio.<br>Na justificativa do projeto, os vereadores destacam que a linguagem neutra traz graves dificuldades principalmente a adultos e idosos. &#8220;S\u00e3o pessoas que j\u00e1 est\u00e3o adaptadas \u00e0 nossa l\u00edngua portuguesa. No final das contas, gera mais exclus\u00e3o do que inclus\u00e3o&#8221;, ressalta Marcelo Lessa.<br>Dr. Mauro Peralta tamb\u00e9m informou aos vereadores que, no dia anterior, havia sido protocolado na C\u00e2mara Federal o projeto de lei 466\/23 que pro\u00edbe a linguagem neutra em todas as escolas do pa\u00eds. \u201cA proposta j\u00e1 tem apoio de 264 deputados e, sendo aprovada, se tornar\u00e1 uma lei v\u00e1lida em todo o pa\u00eds\u201d, explicou, na justificativa ap\u00f3s a vota\u00e7\u00e3o.<br>Ainda segundo o texto, os materiais did\u00e1ticos adotados pelo sistema de Ensino Municipal n\u00e3o poder\u00e3o estar em desconformidade com as normas legais de ensino estabelecidas nas orienta\u00e7\u00f5es nacionais da Educa\u00e7\u00e3o.<\/p>\n","protected":false},"excerpt":{"rendered":"<p>A C\u00e2mara de Petr\u00f3polis derrubou na \u00faltima ter\u00e7a-feira (14) o veto do governo municipal ao<\/p>\n","protected":false},"author":2,"featured_media":53810,"comment_status":"open","ping_status":"open","sticky":false,"template":"","format":"standard","meta":{"footnotes":""},"categories":[12,264,19,15],"tags":[],"class_list":["post-53809","post","type-post","status-publish","format-standard","has-post-thumbnail","hentry","category-cidade","category-destaque","category-educacao","category-politica"],"_links":{"self":[{"href":"https:\/\/tvc16.com\/portal\/wp-json\/wp\/v2\/posts\/53809","targetHints":{"allow":["GET"]}}],"collection":[{"href":"https:\/\/tvc16.com\/portal\/wp-json\/wp\/v2\/posts"}],"about":[{"href":"https:\/\/tvc16.com\/portal\/wp-json\/wp\/v2\/types\/post"}],"author":[{"embeddable":true,"href":"https:\/\/tvc16.com\/portal\/wp-json\/wp\/v2\/users\/2"}],"replies":[{"embeddable":true,"href":"https:\/\/tvc16.com\/portal\/wp-json\/wp\/v2\/comments?post=53809"}],"version-history":[{"count":1,"href":"https:\/\/tvc16.com\/portal\/wp-json\/wp\/v2\/posts\/53809\/revisions"}],"predecessor-version":[{"id":53811,"href":"https:\/\/tvc16.com\/portal\/wp-json\/wp\/v2\/posts\/53809\/revisions\/53811"}],"wp:featuredmedia":[{"embeddable":true,"href":"https:\/\/tvc16.com\/portal\/wp-json\/wp\/v2\/media\/53810"}],"wp:attachment":[{"href":"https:\/\/tvc16.com\/portal\/wp-json\/wp\/v2\/media?parent=53809"}],"wp:term":[{"taxonomy":"category","embeddable":true,"href":"https:\/\/tvc16.com\/portal\/wp-json\/wp\/v2\/categories?post=53809"},{"taxonomy":"post_tag","embeddable":true,"href":"https:\/\/tvc16.com\/portal\/wp-json\/wp\/v2\/tags?post=53809"}],"curies":[{"name":"wp","href":"https:\/\/api.w.org\/{rel}","templated":true}]}}