{"id":53812,"date":"2023-02-20T07:00:00","date_gmt":"2023-02-20T10:00:00","guid":{"rendered":"https:\/\/tvc16.com\/portal\/?p=53812"},"modified":"2023-02-18T23:32:00","modified_gmt":"2023-02-19T02:32:00","slug":"vacinacao-contra-a-covid-19-continua-em-nova-friburgo-apos-feriado-de-carnaval","status":"publish","type":"post","link":"https:\/\/tvc16.com\/portal\/2023\/02\/20\/vacinacao-contra-a-covid-19-continua-em-nova-friburgo-apos-feriado-de-carnaval\/","title":{"rendered":"Vacina\u00e7\u00e3o contra a covid-19 continua em Nova Friburgo ap\u00f3s feriado de Carnaval"},"content":{"rendered":"\n<p>Ap\u00f3s o feriado de carnaval a vacina\u00e7\u00e3o contra a covid-19 ser\u00e1 retomada em Nova Friburgo. A imuniza\u00e7\u00e3o, que vem sendo ofertada constantemente, retorna na quarta-feira, 22, a partir das 13 horas, em todas as Unidades B\u00e1sicas de Sa\u00fade do munic\u00edpio.<\/p>\n\n\n\n<figure class=\"wp-block-image size-large\"><img loading=\"lazy\" decoding=\"async\" width=\"1024\" height=\"1024\" src=\"https:\/\/tvc16.com\/portal\/wp-content\/uploads\/2023\/02\/covid-fri-2-1024x1024.jpg\" alt=\"\" class=\"wp-image-53814\" srcset=\"https:\/\/tvc16.com\/portal\/wp-content\/uploads\/2023\/02\/covid-fri-2-1024x1024.jpg 1024w, https:\/\/tvc16.com\/portal\/wp-content\/uploads\/2023\/02\/covid-fri-2-300x300.jpg 300w, https:\/\/tvc16.com\/portal\/wp-content\/uploads\/2023\/02\/covid-fri-2-150x150.jpg 150w, https:\/\/tvc16.com\/portal\/wp-content\/uploads\/2023\/02\/covid-fri-2-768x768.jpg 768w, https:\/\/tvc16.com\/portal\/wp-content\/uploads\/2023\/02\/covid-fri-2.jpg 1200w\" sizes=\"auto, (max-width: 1024px) 100vw, 1024px\" \/><\/figure>\n\n\n\n<p>A vacina\u00e7\u00e3o de pessoas acima dos 12 anos ocorre na quarta, quinta e sexta-feira, nos bairros Suspiro, Olaria, Conselheiro Paulino, Cordoeira e S\u00e3o Geraldo. J\u00e1 as crian\u00e7as de seis meses a 2 anos, 11 meses e 29 dias e as com 5 anos a 11 anos, 11 meses e 29 dias, devem receber a dose contra o coronav\u00edrus na quinta-feira, 23.&nbsp;<\/p>\n\n\n\n<p>Quem tem 3 e 4 anos dever\u00e1 aguardar o envio de uma nova remessa de doses pelo Minist\u00e9rio da Sa\u00fade e o governo do estado, &nbsp;j\u00e1 que essa faixa et\u00e1ria exige um imunizante espec\u00edfico que n\u00e3o h\u00e1 no estoque no momento. Assim que a Secretaria Municipal de Sa\u00fade receber uma nova remessa, o cronograma para esse p\u00fablico ser\u00e1 retomado imediatamente.<\/p>\n","protected":false},"excerpt":{"rendered":"<p>Ap\u00f3s o feriado de carnaval a vacina\u00e7\u00e3o contra a covid-19 ser\u00e1 retomada em Nova Friburgo.<\/p>\n","protected":false},"author":2,"featured_media":53813,"comment_status":"open","ping_status":"open","sticky":false,"template":"","format":"standard","meta":{"footnotes":""},"categories":[17,13],"tags":[],"class_list":["post-53812","post","type-post","status-publish","format-standard","has-post-thumbnail","hentry","category-outras-noticias","category-saude"],"_links":{"self":[{"href":"https:\/\/tvc16.com\/portal\/wp-json\/wp\/v2\/posts\/53812","targetHints":{"allow":["GET"]}}],"collection":[{"href":"https:\/\/tvc16.com\/portal\/wp-json\/wp\/v2\/posts"}],"about":[{"href":"https:\/\/tvc16.com\/portal\/wp-json\/wp\/v2\/types\/post"}],"author":[{"embeddable":true,"href":"https:\/\/tvc16.com\/portal\/wp-json\/wp\/v2\/users\/2"}],"replies":[{"embeddable":true,"href":"https:\/\/tvc16.com\/portal\/wp-json\/wp\/v2\/comments?post=53812"}],"version-history":[{"count":1,"href":"https:\/\/tvc16.com\/portal\/wp-json\/wp\/v2\/posts\/53812\/revisions"}],"predecessor-version":[{"id":53815,"href":"https:\/\/tvc16.com\/portal\/wp-json\/wp\/v2\/posts\/53812\/revisions\/53815"}],"wp:featuredmedia":[{"embeddable":true,"href":"https:\/\/tvc16.com\/portal\/wp-json\/wp\/v2\/media\/53813"}],"wp:attachment":[{"href":"https:\/\/tvc16.com\/portal\/wp-json\/wp\/v2\/media?parent=53812"}],"wp:term":[{"taxonomy":"category","embeddable":true,"href":"https:\/\/tvc16.com\/portal\/wp-json\/wp\/v2\/categories?post=53812"},{"taxonomy":"post_tag","embeddable":true,"href":"https:\/\/tvc16.com\/portal\/wp-json\/wp\/v2\/tags?post=53812"}],"curies":[{"name":"wp","href":"https:\/\/api.w.org\/{rel}","templated":true}]}}