{"id":53819,"date":"2023-02-19T09:30:00","date_gmt":"2023-02-19T12:30:00","guid":{"rendered":"https:\/\/tvc16.com\/portal\/?p=53819"},"modified":"2023-02-19T08:29:19","modified_gmt":"2023-02-19T11:29:19","slug":"governo-do-estado-intensifica-acoes-educativas-no-segundo-dia-de-desfiles-na-sapucai-2","status":"publish","type":"post","link":"https:\/\/tvc16.com\/portal\/2023\/02\/19\/governo-do-estado-intensifica-acoes-educativas-no-segundo-dia-de-desfiles-na-sapucai-2\/","title":{"rendered":"<strong>Governo do Estado intensifica a\u00e7\u00f5es educativas no segundo dia de desfiles na Sapuca\u00ed<\/strong>"},"content":{"rendered":"\n<p><em>S\u00e1bado de carnaval contou com a\u00e7\u00f5es da Secretaria da Mulher, do Detran e da Opera\u00e7\u00e3o Lei Seca para garantir aos foli\u00f5es uma divers\u00e3o segura<\/em><\/p>\n\n\n\n<p>O segundo dia de desfiles da S\u00e9rie Ouro na Marqu\u00eas de Sapuca\u00ed, neste s\u00e1bado (18\/02), foi marcado por a\u00e7\u00f5es educativas do Governo do Rio. Na avenida, oito escolas vestiram a camisa de suas agremia\u00e7\u00f5es, encerrando a rodada do grupo de acesso. J\u00e1 no entorno de toda a festividade, uma grande a\u00e7\u00e3o em defesa das mulheres deu um tom ainda mais especial \u00e0s iniciativas, assim como a conscientiza\u00e7\u00e3o dos foli\u00f5es sobre a import\u00e2ncia da dire\u00e7\u00e3o segura. Testes de baf\u00f4metro em motoristas de carros aleg\u00f3ricos tamb\u00e9m garantiram a divers\u00e3o sem perigos.<\/p>\n\n\n\n<figure class=\"wp-block-image size-full\"><img loading=\"lazy\" decoding=\"async\" width=\"799\" height=\"533\" src=\"https:\/\/tvc16.com\/portal\/wp-content\/uploads\/2023\/02\/carnaval-2o-dia-2.jpg\" alt=\"\" class=\"wp-image-53821\" srcset=\"https:\/\/tvc16.com\/portal\/wp-content\/uploads\/2023\/02\/carnaval-2o-dia-2.jpg 799w, https:\/\/tvc16.com\/portal\/wp-content\/uploads\/2023\/02\/carnaval-2o-dia-2-300x200.jpg 300w, https:\/\/tvc16.com\/portal\/wp-content\/uploads\/2023\/02\/carnaval-2o-dia-2-768x512.jpg 768w\" sizes=\"auto, (max-width: 799px) 100vw, 799px\" \/><\/figure>\n\n\n\n<p>\u2013 Estamos atuando intensamente na preven\u00e7\u00e3o, todos os dias, para que os foli\u00f5es aproveitem o maior espet\u00e1culo da Terra com seguran\u00e7a, conscientiza\u00e7\u00e3o e respeito \u00e0s mulheres. Nossas equipes est\u00e3o por toda a parte e \u00e0 disposi\u00e7\u00e3o dos cariocas e turistas para que vivam essa experi\u00eancia \u00fanica que \u00e9 o carnaval carioca \u2013 declarou o governador Cl\u00e1udio Castro durante os desfiles.<\/p>\n\n\n\n<p>A campanha do Governo do Estado \u201cOuviu um n\u00e3o? Respeite a Decis\u00e3o\u201d ganhou ainda mais for\u00e7a e foi abra\u00e7ada por quem passou pela Sapuca\u00ed. A a\u00e7\u00e3o \u00e9 comandada pela Secretaria da Mulher e d\u00e1 os sinais de alerta do que pode ser considerado ass\u00e9dio.<\/p>\n\n\n\n<figure class=\"wp-block-image size-full\"><img loading=\"lazy\" decoding=\"async\" width=\"799\" height=\"533\" src=\"https:\/\/tvc16.com\/portal\/wp-content\/uploads\/2023\/02\/carnaval-2o-dia-3.jpg\" alt=\"\" class=\"wp-image-53822\" srcset=\"https:\/\/tvc16.com\/portal\/wp-content\/uploads\/2023\/02\/carnaval-2o-dia-3.jpg 799w, https:\/\/tvc16.com\/portal\/wp-content\/uploads\/2023\/02\/carnaval-2o-dia-3-300x200.jpg 300w, https:\/\/tvc16.com\/portal\/wp-content\/uploads\/2023\/02\/carnaval-2o-dia-3-768x512.jpg 768w\" sizes=\"auto, (max-width: 799px) 100vw, 799px\" \/><\/figure>\n\n\n\n<p>\u2013 Campanhas para prevenir o ass\u00e9dio s\u00e3o importantes durante todo o ano, principalmente no carnaval porque as pessoas acabam confundindo liberdade com aceita\u00e7\u00e3o, principalmente quando se trata de corpos femininos \u2013 disse a produtora e artista Aryelle Christiane.<\/p>\n\n\n\n<p>O aplicativo Rede Mulher, dispon\u00edvel para ser baixado gratuitamente, tamb\u00e9m foi apresentado como uma importante ferramenta para acionar eletronicamente a Pol\u00edcia Militar, por meio de um bot\u00e3o de emerg\u00eancia do 190.<\/p>\n\n\n\n<p>\u2013 Acredito que essa a\u00e7\u00e3o contra o ass\u00e9dio vai ter uma for\u00e7a maior para as pessoas se conscientizarem. J\u00e1 passei por situa\u00e7\u00f5es de ass\u00e9dio, principalmente no carnaval, do tipo me puxando o cabelo, cutucando, puxando a roupa. Situa\u00e7\u00f5es que passam despercebidas por muita gente que acha que \u00e9 normal, mas n\u00e3o \u00e9 \u2013 contou a estudante e bailarina Samara.<\/p>\n\n\n\n<p>&nbsp;<strong>Conscientiza\u00e7\u00e3o no tr\u00e2nsito<\/strong><\/p>\n\n\n\n<p>Durante a festividade, o Governo do Estado apresentou o \u2018Unidos da Folia\u2019, a caravana de Carnaval 2023 do Detran.RJ, que trouxe a\u00e7\u00f5es de conscientiza\u00e7\u00e3o no tr\u00e2nsito para o p\u00fablico. Tudo de forma din\u00e2mica e com uma novidade: os foli\u00f5es puderam viver a experi\u00eancia de entrar em um carro simulador de capotamento. Outras atividades educativas de conscientiza\u00e7\u00e3o foram realizadas pela equipe de Educa\u00e7\u00e3o para o Tr\u00e2nsito do \u00f3rg\u00e3o, que levou para a avenida muita informa\u00e7\u00e3o e a\u00e7\u00f5es l\u00fadicas para evitar a perigosa mistura bebida e dire\u00e7\u00e3o.<\/p>\n\n\n\n<p>\u2013 Estamos mais um ano na avenida levando mensagens de conscientiza\u00e7\u00e3o aos foli\u00f5es sobre a import\u00e2ncia da dire\u00e7\u00e3o segura. \u00c9 necess\u00e1rio que todos cheguem e saiam com seguran\u00e7a, seguindo todas as regras para transformar o tr\u00e2nsito em um ambiente de paz e alegria \u2013 afirma o presidente do Detran.RJ, Adolfo Konder.<\/p>\n\n\n\n<p>O simulador d\u00e1 tr\u00eas voltas no seu pr\u00f3prio eixo e demonstra a import\u00e2ncia do uso do cinto de seguran\u00e7a, j\u00e1 que o ocupante fica im\u00f3vel no banco, gra\u00e7as ao equipamento do ve\u00edculo. Durante a a\u00e7\u00e3o, que \u00e9 realizada em parceria com a concession\u00e1ria Ecoponte, \u00e9 poss\u00edvel que os ocupantes sintam a sensa\u00e7\u00e3o de movimento desordenado do ve\u00edculo que, junto ao uso de \u00f3culos de realidade virtual \u2013 que simulam um trajeto real de tr\u00e2nsito &#8211; intensifica a sensa\u00e7\u00e3o de perda de controle e capotamento.<\/p>\n\n\n\n<p>\u2013 Foi uma experi\u00eancia boa, mas uma sensa\u00e7\u00e3o ruim porque mostrou que nessa situa\u00e7\u00e3o voc\u00ea fica impotente. Bom mesmo \u00e9 colocar o cinto de seguran\u00e7a e n\u00e3o usar o celular no tr\u00e2nsito. Seguir as normas de seguran\u00e7a \u00e9 o que salva vidas \u2013 disse o banc\u00e1rio aposentado Romilson Ara\u00fajo de Figueiredo, logo ap\u00f3s experimentar o simulador de capotamento.<\/p>\n\n\n\n<p>Mestre Ci\u00e7a, da bateria da Unidos do Viradouro, tamb\u00e9m quis experimentar o simulador. \u00c0 sa\u00edda, elogiou a iniciativa do governo:<\/p>\n\n\n\n<p>\u2013 Todos que est\u00e3o aqui no samb\u00f3dromo deviam passar por essa experi\u00eancia. \u00c9 importante demais. O tr\u00e2nsito pode matar e as pessoas precisam aprender, se educar para pegar no volante. Tamb\u00e9m sou a favor da Lei Seca. Tenho amigos e familiares que morreram no tr\u00e2nsito. O governo do estado est\u00e1 de parab\u00e9ns com essa campanha maravilhosa!<\/p>\n\n\n\n<p><strong>Baf\u00f4metro garante seguran\u00e7a na avenida<\/strong><\/p>\n\n\n\n<p>E n\u00e3o foi s\u00f3 o Detran.RJ que atuou com a\u00e7\u00f5es de conscientiza\u00e7\u00e3o no volante. Agentes PCDs da Lei Seca, todos v\u00edtimas de acidentes no tr\u00e2nsito, advertiram o p\u00fablico e entregaram materiais informativos sobre o tema.<\/p>\n\n\n\n<p>Al\u00e9m disso, equipes do programa realizam teste de baf\u00f4metro nos motoristas dos carros aleg\u00f3ricos. No primeiro dia da S\u00e9rie Ouro todos foram aprovados na avalia\u00e7\u00e3o.&nbsp; Neste s\u00e1bado, os condutores seguem passando por testes e at\u00e9 o momento nenhum foi reprovado. A iniciativa continuar\u00e1 no grupo Especial. Caso algum motorista seja reprovado, ser\u00e1 afastado do desfile e a escola obrigada a apresentar um substituto.<\/p>\n\n\n\n<p>Motoristas de carros aleg\u00f3ricos h\u00e1 mais de 15 anos, Nilson Rodrigues e Paulo Roberto aprovaram a iniciativa do teste do baf\u00f4metro, por dar mais seguran\u00e7a ao evento, e disseram esperar que a a\u00e7\u00e3o continue a ser realizada nos pr\u00f3ximos anos.<\/p>\n\n\n\n<p>\u2013 \u00c9 uma excelente iniciativa, que traz mais seguran\u00e7a para todo mundo: tanto para os passistas quanto para quem veio assistir aos desfiles e para n\u00f3s tamb\u00e9m \u2013 resumiu Paulo Roberto.<\/p>\n","protected":false},"excerpt":{"rendered":"<p>S\u00e1bado de carnaval contou com a\u00e7\u00f5es da Secretaria da Mulher, do Detran e da Opera\u00e7\u00e3o<\/p>\n","protected":false},"author":2,"featured_media":53820,"comment_status":"open","ping_status":"open","sticky":false,"template":"","format":"standard","meta":{"footnotes":""},"categories":[21,264,20,17,15,13],"tags":[],"class_list":["post-53819","post","type-post","status-publish","format-standard","has-post-thumbnail","hentry","category-cultura","category-destaque","category-esporte","category-outras-noticias","category-politica","category-saude"],"_links":{"self":[{"href":"https:\/\/tvc16.com\/portal\/wp-json\/wp\/v2\/posts\/53819","targetHints":{"allow":["GET"]}}],"collection":[{"href":"https:\/\/tvc16.com\/portal\/wp-json\/wp\/v2\/posts"}],"about":[{"href":"https:\/\/tvc16.com\/portal\/wp-json\/wp\/v2\/types\/post"}],"author":[{"embeddable":true,"href":"https:\/\/tvc16.com\/portal\/wp-json\/wp\/v2\/users\/2"}],"replies":[{"embeddable":true,"href":"https:\/\/tvc16.com\/portal\/wp-json\/wp\/v2\/comments?post=53819"}],"version-history":[{"count":1,"href":"https:\/\/tvc16.com\/portal\/wp-json\/wp\/v2\/posts\/53819\/revisions"}],"predecessor-version":[{"id":53823,"href":"https:\/\/tvc16.com\/portal\/wp-json\/wp\/v2\/posts\/53819\/revisions\/53823"}],"wp:featuredmedia":[{"embeddable":true,"href":"https:\/\/tvc16.com\/portal\/wp-json\/wp\/v2\/media\/53820"}],"wp:attachment":[{"href":"https:\/\/tvc16.com\/portal\/wp-json\/wp\/v2\/media?parent=53819"}],"wp:term":[{"taxonomy":"category","embeddable":true,"href":"https:\/\/tvc16.com\/portal\/wp-json\/wp\/v2\/categories?post=53819"},{"taxonomy":"post_tag","embeddable":true,"href":"https:\/\/tvc16.com\/portal\/wp-json\/wp\/v2\/tags?post=53819"}],"curies":[{"name":"wp","href":"https:\/\/api.w.org\/{rel}","templated":true}]}}